{"id":1009,"date":"2018-10-02T08:20:01","date_gmt":"2018-10-02T08:20:01","guid":{"rendered":"http:\/\/equipes.nelsoncardeira.com\/?p=1009"},"modified":"2018-10-02T08:20:01","modified_gmt":"2018-10-02T08:20:01","slug":"letter-of-octobre-2018","status":"publish","type":"post","link":"https:\/\/equipes-notre-dame.com\/es\/carta-de-octubre-2018\/","title":{"rendered":"Carta de Octubre 2018"},"content":{"rendered":"<figure id=\"attachment_954\" aria-describedby=\"caption-attachment-954\" style=\"width: 155px\" class=\"wp-caption aligncenter\"><img loading=\"lazy\" decoding=\"async\" class=\"imagedropshadow wp-image-954 size-full\" title=\"P\u00e8re Ricardo Londo\u00f1o Dominguez\" src=\"\/wp-content\/uploads\/2019\/06\/Pere-Ricardo-Londono-Dominguez.png\" alt=\"\" width=\"155\" height=\"176\" \/><figcaption id=\"caption-attachment-954\" class=\"wp-caption-text\"><span lang=\"it\">Padre<\/span> Ricardo Londo\u00f1o Dominguez<\/figcaption><\/figure>\n<hr \/>\n<p>Muy queridos matrimonios y consiliarios equipistas:<\/p>\n<p>Hace 50 a\u00f1os, el inolvidable y santo Pablo VI, public\u00f3 la Enc\u00edclica\u00a0<strong><em>Humanae Vitae\u00a0<\/em><\/strong>que, sin duda alguna, marca un hito en la historia de la Iglesia y, as\u00ed se reconocer\u00e1 en el futuro, en la historia de la humanidad. Es un texto que presenta la belleza del amor conyugal y el valor y la grandeza de la vida humana. Apareci\u00f3 en un momento en el que la tecnolog\u00eda y el materialismo fortalecieron la ruptura entre sexualidad y amor y entre sexualidad y vida.<\/p>\n<p>Fue su \u00faltima enc\u00edclica aunque todav\u00eda le quedaban un poco m\u00e1s de diez a\u00f1os de pontificado. Gener\u00f3 grandes controversias en el mundo y rebeld\u00edas al interior de la Iglesia. Su mensaje no fue comprendido y los medios de comunicaci\u00f3n lo redujeron a la prohibici\u00f3n del control artificial de la natalidad. La intencionalidad era poder apreciar la vida, el amor, el matrimonio, los hijos como dones del Padre que invitan al hombre a reflejar la imagen de Dios y llegar a hacerse semejante a \u00c9l.<\/p>\n<p>Advert\u00eda Pablo VI de las nefastas consecuencias para la humanidad si se acog\u00eda el camino f\u00e1cil de la mirada parcial a estas realidades. Sirvi\u00f3, igualmente, la enc\u00edclica para comprender muchos vac\u00edos eclesiales en los campos de la antropolog\u00eda, la sexualidad, el matrimonio. Y, l\u00f3gicamente, se ampli\u00f3 la brecha entre moral cristiana y sociedad.<\/p>\n<p><strong>Leamos algunos p\u00e1rrafos del texto prof\u00e9tico :<\/strong><\/p>\n<p><em>\u201cEl problema de la natalidad, como cualquier otro referente a la vida humana, hay que considerarlo, por encima de las perspectivas parciales de orden biol\u00f3gico o psicol\u00f3gico, demogr\u00e1fico o sociol\u00f3gico, a la luz de una visi\u00f3n integral del hombre y de su vocaci\u00f3n, no s\u00f3lo natural y terrena sino tambi\u00e9n sobrenatural y eterna.\u201d (7)\u00a0<\/em><\/p>\n<p><em>La verdadera naturaleza y nobleza del amor conyugal se revelan cuando \u00e9ste es considerado en su fuente suprema, Dios, que es Amor&#8230;El matrimonio no es, por tanto, efecto de la casualidad o producto de la evoluci\u00f3n de fuerzas naturales inconscientes; es una sabia instituci\u00f3n del Creador para realizar en la humanidad su designio de amor. (8)<\/em><\/p>\n<p><em>No se necesita mucha experiencia para conocer la debilidad humana y para comprender que los hombres, especialmente los j\u00f3venes, tan vulnerables en este punto tienen necesidad de aliento para ser fieles a la ley moral y no se les debe ofrecer cualquier medio f\u00e1cil para burlar su observancia\u2026Reflexi\u00f3nese tambi\u00e9n sobre el arma peligrosa que de este modo se llegar\u00eda a poner en las manos de autoridades p\u00fablicas despreocupadas de las exigencias morales\u2026 (17)<\/em><\/p>\n<p><em>\u2026 Y con nuestro predecesor, Juan XXIII, seguimos diciendo: \u00abEstas dificultades no se superan con el recurso a m\u00e9todos y medios que son indignos del hombre\u2026\u00bb (23)<\/em><\/p>\n<p>Quiero, en esta comunicaci\u00f3n a mis hermanos equipistas, rendir homenaje a quien sufri\u00f3 tanto por su irrestricta defensa a la vida humana y su entorno, e invitarlos a profundizar en la profec\u00eda que en el texto se encuentra. En pocos d\u00edas, viviremos en la Iglesia la anhelada canonizaci\u00f3n del querido Pablo VI. Quiero tener un cordial recuerdo de un Pont\u00edfice que am\u00f3 profundamente a la Iglesia y a la humanidad, que sufri\u00f3 inmensamente por este motivo y quiso ser siempre un fiel disc\u00edpulo del Se\u00f1or Jes\u00fas.<\/p>\n<p>En sus confidencias y di\u00e1logos con amigos cercanos (existen bellos testimonios en la obra de Jean Guitton), en su oraci\u00f3n y en sus mensajes, mostr\u00f3 siempre la serenidad y la humildad de quien conoc\u00eda su responsabilidad y su anhelo de fidelidad y corri\u00f3 el riesgo de su desprestigio. No ocult\u00f3 su sufrimiento.<\/p>\n<p>Para nosotros, miembros de los Equipos de Nuestra Se\u00f1ora, Pablo VI ha de ser siempre alguien para tener en cuenta. Que \u00e9l, interceda por nosotros.<\/p>\n<p>Mi abrazo fraterno,<\/p>\n<p><strong><em>P. Ricardo Londo\u00f1o Dom\u00ednguez,<br \/>\nConsiliario ERI<br \/>\n<\/em><\/strong><\/p>\n<p>&nbsp;<\/p>\n<hr \/>\n<h3 style=\"text-align: center;\"><a href=\"\/wp-content\/uploads\/2018\/10\/courier_de_leri_mccloskey_octobre_2018_esp.pdf\" target=\"_blank\" rel=\"noopener noreferrer\"><strong><em>\u2192<\/em>\u00a0Leer la Carta de l&#8217;ERI<\/strong><\/a><\/h3>\n<p style=\"text-align: center;\"><em><img loading=\"lazy\" decoding=\"async\" class=\"imagedropshadow alignnone wp-image-1011\" src=\"\/wp-content\/uploads\/2018\/10\/eri_zone_eurasie_paul_helena_mccloskey_2016.jpg\" alt=\"\" width=\"349\" height=\"233\" srcset=\"https:\/\/equipes-notre-dame.com\/wp-content\/uploads\/2018\/10\/eri_zone_eurasie_paul_helena_mccloskey_2016.jpg 1200w, https:\/\/equipes-notre-dame.com\/wp-content\/uploads\/2018\/10\/eri_zone_eurasie_paul_helena_mccloskey_2016-300x200.jpg 300w, https:\/\/equipes-notre-dame.com\/wp-content\/uploads\/2018\/10\/eri_zone_eurasie_paul_helena_mccloskey_2016-1024x683.jpg 1024w, https:\/\/equipes-notre-dame.com\/wp-content\/uploads\/2018\/10\/eri_zone_eurasie_paul_helena_mccloskey_2016-768x512.jpg 768w, https:\/\/equipes-notre-dame.com\/wp-content\/uploads\/2018\/10\/eri_zone_eurasie_paul_helena_mccloskey_2016-165x109.jpg 165w\" sizes=\"(max-width: 349px) 100vw, 349px\" \/><\/em><\/p>\n<p style=\"text-align: center;\">Par Paul &amp; Helena McCloskey<\/p>\n","protected":false},"excerpt":{"rendered":"<p>Hace 50 a\u00f1os, el inolvidable y santo Pablo VI, public\u00f3 la Enc\u00edclica Humanae Vitae que, sin duda alguna, marca un hito en la historia de la Iglesia y, as\u00ed se reconocer\u00e1 en el futuro, en la historia de la humanidad. Es un texto que presenta la belleza del amor conyugal y el valor y la grandeza de la vida humana. Apareci\u00f3 en un momento en el que la tecnolog\u00eda y el materialismo fortalecieron la ruptura entre sexualidad y amor y entre sexualidad y vida.<\/p>\n","protected":false},"author":3,"featured_media":2296,"comment_status":"closed","ping_status":"closed","sticky":false,"template":"","format":"standard","meta":{"footnotes":"","_links_to":"","_links_to_target":""},"categories":[17],"tags":[],"translation":{"provider":"WPGlobus","version":"2.12.2","language":"es","enabled_languages":["fr","pt","es","it","en"],"languages":{"fr":{"title":true,"content":true,"excerpt":true},"pt":{"title":true,"content":true,"excerpt":true},"es":{"title":true,"content":true,"excerpt":true},"it":{"title":true,"content":true,"excerpt":true},"en":{"title":true,"content":true,"excerpt":true}}},"_links":{"self":[{"href":"https:\/\/equipes-notre-dame.com\/es\/wp-json\/wp\/v2\/posts\/1009"}],"collection":[{"href":"https:\/\/equipes-notre-dame.com\/es\/wp-json\/wp\/v2\/posts"}],"about":[{"href":"https:\/\/equipes-notre-dame.com\/es\/wp-json\/wp\/v2\/types\/post"}],"author":[{"embeddable":true,"href":"https:\/\/equipes-notre-dame.com\/es\/wp-json\/wp\/v2\/users\/3"}],"replies":[{"embeddable":true,"href":"https:\/\/equipes-notre-dame.com\/es\/wp-json\/wp\/v2\/comments?post=1009"}],"version-history":[{"count":0,"href":"https:\/\/equipes-notre-dame.com\/es\/wp-json\/wp\/v2\/posts\/1009\/revisions"}],"wp:featuredmedia":[{"embeddable":true,"href":"https:\/\/equipes-notre-dame.com\/es\/wp-json\/wp\/v2\/media\/2296"}],"wp:attachment":[{"href":"https:\/\/equipes-notre-dame.com\/es\/wp-json\/wp\/v2\/media?parent=1009"}],"wp:term":[{"taxonomy":"category","embeddable":true,"href":"https:\/\/equipes-notre-dame.com\/es\/wp-json\/wp\/v2\/categories?post=1009"},{"taxonomy":"post_tag","embeddable":true,"href":"https:\/\/equipes-notre-dame.com\/es\/wp-json\/wp\/v2\/tags?post=1009"}],"curies":[{"name":"wp","href":"https:\/\/api.w.org\/{rel}","templated":true}]}}