{"id":1569,"date":"2024-04-20T16:29:52","date_gmt":"2024-04-20T16:29:52","guid":{"rendered":"http:\/\/equipes.nelsoncardeira.com\/?p=1569"},"modified":"2025-07-19T21:50:40","modified_gmt":"2025-07-19T21:50:40","slug":"l-equipe-responsable-international","status":"publish","type":"post","link":"https:\/\/equipes-notre-dame.com\/es\/el-equipo-responsable-internacional\/","title":{"rendered":"El Equipo Responsable Internacional. 2018-2024"},"content":{"rendered":"<p>8 parejas de todo el mundo y 1 consejero espiritual forman el Equipo que sirve a todas las parejas en todo el mundo<\/p>\n<div style=\"display: block; clear: both; margin-top: 50px;\">\n<h2 style=\"text-align: center;\">El Matrimonio responsable del Equipo Internacional<\/h2>\n<figure id=\"attachment_2126\" aria-describedby=\"caption-attachment-2126\" style=\"width: 230px\" class=\"wp-caption aligncenter\"><img loading=\"lazy\" decoding=\"async\" class=\"wp-image-2126 size-full\" src=\"\/wp-content\/uploads\/2019\/05\/Foto-Clarita-Edgardo.jpg\" alt=\"\" width=\"230\" height=\"200\" \/><figcaption id=\"caption-attachment-2126\" class=\"wp-caption-text\">Clarita &amp; Edgardo BERNAL Col\u00f4mbia<\/figcaption><\/figure>\n<p>Los caminos de Dios en ocasiones son misteriosos y solo los comprendemos con el transcurrir del tiempo. Con total docilidad y humildad hemos asumido el llamado a ser los responsables internacionales del movimiento, conscientes que, en esta responsabilidad, como lo dice Santa Teresa de Calcuta, seremos solo \u201cun l\u00e1piz en las manos de Dios\u201d, para que el Esp\u00edritu gu\u00ede y escriba lo que el movimiento necesita en el contexto de hoy y durante los pr\u00f3ximos seis a\u00f1os. Nuestra Misi\u00f3n ser\u00e1 la de animar y llevar al movimiento a asumir el papel que le corresponde en el mundo de hoy, como Iglesia que somos, siempre en total fidelidad a nuestro carisma y desde lo espec\u00edfico de nuestra m\u00edstica y de nuestra formaci\u00f3n. La invitaci\u00f3n: \u201cNo tengan miedo, Salgamos\u201d, en total consonancia con una Iglesia en salida, ser\u00e1 la luz que nos acompa\u00f1ara en el trabajo con este maravilloso equipo responsable Internacional, ERI, que en colegialidad nosotros hemos conformado.<\/p>\n<p style=\"text-align: center;\"><a class=\"contact\" href=\"mailto:cr.international@equipes-notre-dame.com\" target=\"_blank\" rel=\"noopener noreferrer\">Contactar Clarita &amp; Edgardo<\/a><\/p>\n<\/div>\n<hr \/>\n<div style=\"display: block; clear: both; margin: 50px 0;\">\n<h2 style=\"text-align: center;\">Consiliario Espiritual<\/h2>\n<figure id=\"attachment_2135\" aria-describedby=\"caption-attachment-2135\" style=\"width: 230px\" class=\"wp-caption aligncenter\"><img loading=\"lazy\" decoding=\"async\" class=\"wp-image-2135 size-full\" src=\"\/wp-content\/uploads\/2019\/05\/Foto-Pe-Ricardo.jpg\" alt=\"\" width=\"230\" height=\"200\" \/><figcaption id=\"caption-attachment-2135\" class=\"wp-caption-text\">Padre Ricardo Londo\u00f1o Dom\u00ednguez <br \/>Col\u00f4mbia<\/figcaption><\/figure>\n<p>El sacerdote consiliario espiritual, invitado a acompa\u00f1ar un equipo, est\u00e1 llamado a colaborar con los matrimonios en su camino de santidad. En un equipo de servicio, colabora con los responsables en su misi\u00f3n concreta de animaci\u00f3n, orientaci\u00f3n, acompa\u00f1amiento&#8230;<br \/>\nComo SCE en el ERI, considero que el llamamiento recibido me pone al servicio del matrimonio responsable y del Equipo en el papel propio del ministerio sacerdotal y del desarrollo del carisma institucional. Mi deseo, como sacerdote de la Iglesia, es el de servir al Movimiento en su vida y misi\u00f3n.<\/p>\n<p style=\"text-align: center;\"><a class=\"contact\" href=\"mailto:cs.international@equipes-notre-dame.com\" target=\"_blank\" rel=\"noopener noreferrer\">Contactar Padre Ricardo Londo\u00f1o Dom\u00ednguez<\/a><\/p>\n<\/div>\n<hr \/>\n<div style=\"display: block; clear: both; margin: 50px 0;\">\n<h2 style=\"text-align: center;\">Matrimonio enlace zona Centroeuropa<\/h2>\n<figure id=\"attachment_2136\" aria-describedby=\"caption-attachment-2136\" style=\"width: 230px\" class=\"wp-caption aligncenter\"><img loading=\"lazy\" decoding=\"async\" class=\"wp-image-2136 size-full\" src=\"\/wp-content\/uploads\/2019\/05\/Foto-Therese-Antoine-1.jpg\" alt=\"\" width=\"230\" height=\"200\" \/><figcaption id=\"caption-attachment-2136\" class=\"wp-caption-text\">Th\u00e9r\u00e8se &amp; Antoine LECLERC <br \/>Fran\u00e7a<\/figcaption><\/figure>\n<p>Somos Th\u00e9r\u00e8se e Antoine Leclerc. Casados em 1981, temos 5 filhos e 5 netos. Antoine \u00e9 di\u00e1cono permanente.<br \/>\nA Zona Centro-Europa \u00e9 rica de uma grande diversidade de culturas e de l\u00ednguas: compreende pa\u00edses da Europa desde Fran\u00e7a at\u00e9 \u00e0 Ucr\u00e2nia, do M\u00e9dio Oriente e a Ilha Maur\u00edcia, no Oceano \u00cdndico.<br \/>\nEsta diversidade \u00e9 uma grande riqueza e, para n\u00f3s, tamb\u00e9m um verdadeiro desafio. Todos estamos reunidos em nome de Cristo, desejando viver o nosso casal na f\u00e9 e fazer crescer o nosso amor, e isso ultrapassa as fronteiras. A ora\u00e7\u00e3o \u00e9 a base que nos permite progredir juntos. A unidade passa tamb\u00e9m pelo conhecimento m\u00fatuo, que diminui as dist\u00e2ncias e suprime os medos. A nossa prioridade vai ser procurar que os equipistas dos diferentes pa\u00edses se visitem, troquem ideias; para isso, vamos promover as reuni\u00f5es entre pa\u00edses.<\/p>\n<p style=\"text-align: center;\"><a class=\"contact\" href=\"mailto:cz.centre-europe@equipes-notre-dame.com\" target=\"_blank\" rel=\"noopener noreferrer\">Contactar Th\u00e9r\u00e8se &amp; Antoine<\/a><\/p>\n<\/div>\n<hr \/>\n<div style=\"display: block; clear: both; margin: 50px 0;\">\n<h2 style=\"text-align: center;\">Matrimonio enlace zona Eurasia<\/h2>\n<figure id=\"attachment_2131\" aria-describedby=\"caption-attachment-2131\" style=\"width: 230px\" class=\"wp-caption aligncenter\"><img loading=\"lazy\" decoding=\"async\" class=\"wp-image-2131 size-full\" src=\"\/wp-content\/uploads\/2019\/05\/Foto-Faye-Kevin.jpg\" alt=\"\" width=\"230\" height=\"200\" \/><figcaption id=\"caption-attachment-2131\" class=\"wp-caption-text\">Faye &amp; Kevin Noonan<br \/>Australie<\/figcaption><\/figure>\n<p>Hemos vivido en la capital de Australia, Canberra, desde que nos casamos a principios de 1980. Nos unimos a los Equipos de Nuestra Senora unos meses m\u00e1s tarde. Desde entonces, hemos formado muchas amistades profundas y duraderas.<\/p>\n<p>La zona de Eurasia es la m\u00e1s peque\u00f1a en n\u00famero, pero es la m\u00e1s dispersa. La zona incluye: Gran Breta\u00f1a, Irlanda, \u00c1frica angl\u00f3fona (4 pa\u00edses), India, Australia, Nueva Zelanda, Filipinas, Timor Oriental, Corea del Sur y Trinidad y Tobago.<\/p>\n<p>Hemos descubierto que cada equipo es una fuente importante de sabidur\u00eda, apoyo e inspiraci\u00f3n. Esperamos encontrarnos con parejas en cada pa\u00eds y transmitir mensajes sobre las alegr\u00edas y los desaf\u00edos de otras culturas. A veces, los mensajes m\u00e1s poderosos provienen de historias pr\u00e1cticas sobre experiencias de la vida real.<\/p>\n<p style=\"text-align: center;\"><a class=\"contact\" href=\"mailto:cz.international@equipes-notre-dame.com\" target=\"_blank\" rel=\"noopener noreferrer\">Contactar Faye &amp; Kevin<\/a><\/p>\n<\/div>\n<hr \/>\n<div style=\"display: block; clear: both; margin: 50px 0;\">\n<h2 style=\"text-align: center;\">Matrimonio enlace zona Eur\u00e1frica<\/h2>\n<figure id=\"attachment_2129\" aria-describedby=\"caption-attachment-2129\" style=\"width: 230px\" class=\"wp-caption aligncenter\"><img loading=\"lazy\" decoding=\"async\" class=\"wp-image-2129 size-full\" src=\"\/wp-content\/uploads\/2019\/05\/Foto-Bernardette-Sylvestre.jpg\" alt=\"\" width=\"230\" height=\"200\" \/><figcaption id=\"caption-attachment-2129\" class=\"wp-caption-text\">Bernadette &amp; Sylvestre MINLEKIBE <br \/>Togo<\/figcaption><\/figure>\n<p>La zona Euro\u00e1frica est\u00e1 formada actualmente por las cuatro (4) s\u00faper regiones siguientes : La SR Espa\u00f1a, La SR Italia, La SR Portugal, y t la SR \u00c1frica Franc\u00f3fona.<br \/>\nEsta composici\u00f3n permite a las grandes y antiguas s\u00faper regiones (Espa\u00f1a, Italia y Portugal) ayudar a las nuevas s\u00faper regiones tales como el \u00c1frica Franc\u00f3fona (16 pa\u00edses de \u00c1frica) y \u00c1frica Lus\u00f3fona (5 pa\u00edses de \u00c1frica) que han recibido m\u00e1s recientemente el anuncio del evangelio, a crecer en la fe y en el amor.<br \/>\nLa misi\u00f3n de la pareja de enlace de zona en este contexto, es favorecer y estimular la ayuda mutua en el seno de la zona a trav\u00e9s de encuentros, formaci\u00f3n y apoyo material y financiero.<\/p>\n<p style=\"text-align: center;\"><a class=\"contact\" href=\"mailto:cz.eurafrique@equipes-notre-dame.com\" target=\"_blank\" rel=\"noopener noreferrer\">Contactar Bernadette &amp; Sylvestre<\/a><\/p>\n<\/div>\n<hr \/>\n<div style=\"display: block; clear: both; margin: 50px 0;\">\n<h2 style=\"text-align: center;\">Matrimonio enlace Zona Am\u00e9rica<\/h2>\n<figure id=\"attachment_2132\" aria-describedby=\"caption-attachment-2132\" style=\"width: 230px\" class=\"wp-caption aligncenter\"><img loading=\"lazy\" decoding=\"async\" class=\"wp-image-2132 size-full\" src=\"\/wp-content\/uploads\/2019\/05\/Foto-Marcia-Paulo.jpg\" alt=\"\" width=\"230\" height=\"200\" \/><figcaption id=\"caption-attachment-2132\" class=\"wp-caption-text\">Marcia &amp; Paulo Faria <br \/>Brazil<\/figcaption><\/figure>\n<p>Somos Marcia y Paulo, de Brasil. Tenemos 46 a\u00f1os de matrimonio y 44 a\u00f1os en los Equipos de Nuestra Se\u00f1ora.<\/p>\n<p>Creemos que el llamado de Dios no se nos har\u00e1 una vez en la vida. Nos llama una y otra vez. Esta vez su llamado fue a hacer la \u00a0enlace de la Zona Am\u00e9rica; RR Canad\u00e1, SR Estados Unidos, SR Hispano Am\u00e9rica del Norte, SR Colombia, SR Hispano Am\u00e9rica del Sur y SR Brasil. Como en otras ocasiones, nos sorprende que nos mire.<\/p>\n<p>Siguiendo la petici\u00f3n del Papa, pensamos en una Zona Am\u00e9rica siempre capaz de acoger lo nuevo, de atreverse, de confiar en el Esp\u00edritu Santo.<\/p>\n<p>La experiencia vivida en los Equipos de Nuestra Se\u00f1ora, el m\u00e9todo propuesto y la ayuda mutua nos ayudan a comprender la voluntad de Dios y a vivirla. Nuestra misi\u00f3n es ser un instrumento del proyecto de Cristo.<\/p>\n<p>Que la Zona Am\u00e9rica sea una sola familia que viva en fraternidad, amando a Dios en amor al pr\u00f3jimo y al Movimiento en fidelidad a su carisma y misticismo.<\/p>\n<p style=\"text-align: center;\"><a class=\"contact\" href=\"mailto:cz.america@equipes-notre-dame.com\" target=\"_blank\" rel=\"noopener noreferrer\">Contactar Marcia &amp; Paulo<\/a><\/p>\n<\/div>\n<hr \/>\n<div style=\"display: block; clear: both; margin: 50px 0;\">\n<h2 style=\"text-align: center;\">Matrimonio responsable de la Comunicaci\u00f3n<\/h2>\n<div class=\"mceTemp\"><\/div>\n<figure id=\"attachment_3574\" aria-describedby=\"caption-attachment-3574\" style=\"width: 230px\" class=\"wp-caption aligncenter\"><img loading=\"lazy\" decoding=\"async\" class=\"wp-image-3574 size-full\" src=\"https:\/\/equipes-notre-dame.com\/wp-content\/uploads\/2019\/11\/alberto-y-Mercedes.jpg\" alt=\"\" width=\"230\" height=\"200\" \/><figcaption id=\"caption-attachment-3574\" class=\"wp-caption-text\">Mercedes &amp; Alberto PEREZ GOMEZ-FERRER <br \/>Espa\u00f1a<\/figcaption><\/figure>\n<p>\u00a1La comunicaci\u00f3n tuvo lugar en el escenario del mundo moderno! Y los Equipos de Nuestra Se\u00f1ora, como Movimiento de Iglesia que acompa\u00f1a al mundo, tambi\u00e9n deber\u00edan poner toda su atenci\u00f3n a la comunicaci\u00f3n y poner al servicio de todos las herramientas que permitan llegar a m\u00e1s personas de diferentes maneras, el esp\u00edritu y el carisma de los ENS.<\/p>\n<p style=\"text-align: center;\"><a class=\"contact\" href=\"mailto:cr.communication@equipes-notre-dame.com\" target=\"_blank\" rel=\"noopener noreferrer\">Contactar Mercedes &amp; Alberto<\/a><\/p>\n<\/div>\n<hr \/>\n<div style=\"display: block; clear: both; margin: 50px 0;\">\n<h2 style=\"text-align: center;\">Matrimonio responsable de los<strong>\u00a0das Equipos Sat\u00e9lites<\/strong><\/h2>\n<p>&nbsp;<\/p>\n<figure id=\"attachment_2133\" aria-describedby=\"caption-attachment-2133\" style=\"width: 230px\" class=\"wp-caption aligncenter\"><img loading=\"lazy\" decoding=\"async\" class=\"wp-image-2133 size-full\" src=\"\/wp-content\/uploads\/2019\/05\/Foto-Mariola-Elizeu-02.jpg\" alt=\"\" width=\"230\" height=\"200\" \/><figcaption id=\"caption-attachment-2133\" class=\"wp-caption-text\">Mariola &amp; Elizeu CALSING <br \/>Brazil<\/figcaption><\/figure>\n<p>La Iglesia llama a los ENS para que vayan a la misi\u00f3n. Nuestro trabajo por la coordinaci\u00f3n de los Equipos Sat\u00e9lites ser\u00e1 el de contribuir a la reflexi\u00f3n sobre el porvenir del Movimiento teniendo en cuenta los desaf\u00edos que nos han propuestos en el encuentro de F\u00e1tima para distinguir los elementos de la vocaci\u00f3n y de la misi\u00f3n ligados a su carisma fundador , de los que le dan la libertad de responder a los desaf\u00edos de nuestros tiempos, siempre de acuerdo con su pedagog\u00eda<\/p>\n<p style=\"text-align: center;\"><a class=\"contact\" href=\"mailto:cr.satellite@equipes-notre-dame.com\" target=\"_blank\" rel=\"noopener noreferrer\">Contactar Mariola &amp; Elizeu<\/a><\/p>\n<\/div>\n<hr \/>\n<div style=\"display: block; clear: both; margin: 50px 0;\">\n<h2 style=\"text-align: center;\"><strong>Matrimonio responsable del Secretariado<\/strong><\/h2>\n<figure id=\"attachment_2134\" aria-describedby=\"caption-attachment-2134\" style=\"width: 230px\" class=\"wp-caption aligncenter\"><img loading=\"lazy\" decoding=\"async\" class=\"wp-image-2134 size-full\" src=\"\/wp-content\/uploads\/2019\/05\/Foto-Paola_Giovanni-cecchini.jpg\" alt=\"\" width=\"230\" height=\"200\" \/><figcaption id=\"caption-attachment-2134\" class=\"wp-caption-text\">Paola &amp; Giovanni CECCHINI MANARA<br \/>It\u00e1lia<\/figcaption><\/figure>\n<p>El matrimonio cristiano es una comunidad en el servicio y en la misi\u00f3n: es decir, viven el amor para dar amor. Nos piden que donemos en un servicio \u00abal servicio\u00bb, porque a trav\u00e9s del cargo de Secretarios Internacionales se nos requiere que apoyemos y acompa\u00f1emos en la pr\u00e1ctica organizativa a los que cuidan de los equipos de todo el mundo. En alegre fraternidad pertenecemos al Equipo Responsable Internacional, escuchando y acompa\u00f1ando a las otras parejas en un camino com\u00fan.<\/p>\n<p style=\"text-align: center;\"><a class=\"contact\" href=\"mailto:cr.secretariat@equipes-notre-dame.com\" target=\"_blank\" rel=\"noopener noreferrer\">Contactar Paola &amp; Giovannia<\/a><\/p>\n<\/div>\n<hr \/>\n<h2 style=\"text-align: center;\">Secretaria<\/h2>\n<p style=\"text-align: center;\"><a class=\"contact\" href=\"mailto:guenola@equipes-notre-dame.com\" target=\"_blank\" rel=\"noopener noreferrer\">Contactar<\/a><\/p>\n","protected":false},"excerpt":{"rendered":"<p>8 parejas de todo el mundo y 1 consejero espiritual forman el Equipo que sirve a todas las parejas en todo el mundo. 2018-2024<\/p>\n","protected":false},"author":3,"featured_media":4242,"comment_status":"closed","ping_status":"closed","sticky":false,"template":"","format":"standard","meta":{"footnotes":"","_links_to":"","_links_to_target":""},"categories":[6],"tags":[],"translation":{"provider":"WPGlobus","version":"2.12.2","language":"es","enabled_languages":["fr","pt","es","it","en"],"languages":{"fr":{"title":true,"content":true,"excerpt":true},"pt":{"title":true,"content":true,"excerpt":true},"es":{"title":true,"content":true,"excerpt":true},"it":{"title":true,"content":true,"excerpt":true},"en":{"title":true,"content":true,"excerpt":true}}},"_links":{"self":[{"href":"https:\/\/equipes-notre-dame.com\/es\/wp-json\/wp\/v2\/posts\/1569"}],"collection":[{"href":"https:\/\/equipes-notre-dame.com\/es\/wp-json\/wp\/v2\/posts"}],"about":[{"href":"https:\/\/equipes-notre-dame.com\/es\/wp-json\/wp\/v2\/types\/post"}],"author":[{"embeddable":true,"href":"https:\/\/equipes-notre-dame.com\/es\/wp-json\/wp\/v2\/users\/3"}],"replies":[{"embeddable":true,"href":"https:\/\/equipes-notre-dame.com\/es\/wp-json\/wp\/v2\/comments?post=1569"}],"version-history":[{"count":16,"href":"https:\/\/equipes-notre-dame.com\/es\/wp-json\/wp\/v2\/posts\/1569\/revisions"}],"predecessor-version":[{"id":3593,"href":"https:\/\/equipes-notre-dame.com\/es\/wp-json\/wp\/v2\/posts\/1569\/revisions\/3593"}],"wp:featuredmedia":[{"embeddable":true,"href":"https:\/\/equipes-notre-dame.com\/es\/wp-json\/wp\/v2\/media\/4242"}],"wp:attachment":[{"href":"https:\/\/equipes-notre-dame.com\/es\/wp-json\/wp\/v2\/media?parent=1569"}],"wp:term":[{"taxonomy":"category","embeddable":true,"href":"https:\/\/equipes-notre-dame.com\/es\/wp-json\/wp\/v2\/categories?post=1569"},{"taxonomy":"post_tag","embeddable":true,"href":"https:\/\/equipes-notre-dame.com\/es\/wp-json\/wp\/v2\/tags?post=1569"}],"curies":[{"name":"wp","href":"https:\/\/api.w.org\/{rel}","templated":true}]}}