{"id":1978,"date":"2014-10-29T13:59:14","date_gmt":"2014-10-29T13:59:14","guid":{"rendered":"http:\/\/equipes.nelsoncardeira.com\/?p=1978"},"modified":"2014-10-29T13:59:14","modified_gmt":"2014-10-29T13:59:14","slug":"lettre-doctobre-2014","status":"publish","type":"post","link":"https:\/\/equipes-notre-dame.com\/es\/carta-de-octubre-2014\/","title":{"rendered":"Carta de octubre 2014"},"content":{"rendered":"<figure id=\"attachment_1939\" aria-describedby=\"caption-attachment-1939\" style=\"width: 168px\" class=\"wp-caption aligncenter\"><img loading=\"lazy\" decoding=\"async\" class=\"imgdropshadow wp-image-1939\" src=\"\/wp-content\/uploads\/2019\/08\/pe_jacinto_farias-231x300.jpg\" alt=\"\" width=\"168\" height=\"218\" srcset=\"https:\/\/equipes-notre-dame.com\/wp-content\/uploads\/2019\/08\/pe_jacinto_farias-231x300.jpg 231w, https:\/\/equipes-notre-dame.com\/wp-content\/uploads\/2019\/08\/pe_jacinto_farias.jpg 236w\" sizes=\"(max-width: 168px) 100vw, 168px\" \/><figcaption id=\"caption-attachment-1939\" class=\"wp-caption-text\">P\u00e9re Jacinto Farias<\/figcaption><\/figure>\n<hr \/>\n<p><strong>SABER LEER LOS SIGNOS DE LOS TIEMPOS&#8230;<\/strong><\/p>\n<p>Jes\u00fas, en cierto pasaje del Evangelio, critica a los hombres de su tiempo por no ser capaces de leer en los acontecimientos los signos de la presencia de Dios en la historia (Lc 12,54-59). El Concilio Vaticano II, en la Constituci\u00f3n pastoral sobre la Iglesia en el mundo contempor\u00e1neo, habla tambi\u00e9n de los signos de los tiempos y de la necesidad de una lectura \u00ab teol\u00f3gica \u00bb de la historia (GS 4). Dios no habla a las personas directamente, sino a trav\u00e9s de los acontecimientos de la historia y de la vida de cada hombre, no necesariamente de los grandes acontecinmientos, extraordinarios en su realizaci\u00f3n y en sus consecuencias, sino sobretodo a trav\u00e9s de las peque\u00f1as cosas de las que est\u00e1 hecha la vida de cada uno de nosotros.<\/p>\n<p>En el reciente Colegio Internacional de los Equipos de Nuestra Se\u00f1ora, en Medway, cerca de Boston, en los Estados Unidos, tuvimos como texto inspirador la visita de Jes\u00fas a la casa de Marta y Mar\u00eda (Lc 10,38-42). Las dos hermanas acogieron al Se\u00f1or, ocup\u00e1ndose Marta de las tareas dom\u00e9sticas y Mar\u00eda haciendo compa\u00f1\u00eda a Jes\u00fas, sentada a sus pies, escuchando su Palabra. En un momento dado, Marta le pide a Jes\u00fas que le diga a su hermana que le ayude. La respuesta de Jes\u00fas es, como siempre, sorprendente : Marta, Marta, andas ocupada con tantas cosas, pero una solo es necesaria. Y Mar\u00eda ha elegido la mejor parte.<\/p>\n<p>\u00bfCu\u00e1l es esa mejor parte que Mar\u00eda ha elegido y que no le ser\u00e1 quitada ? Estar a los pies de Jes\u00fas y escuchar su Palabra. Las dos hermanas nos representan a todos nosotros, son una imagen de la Iglesia: la Iglesia de hoy en medio de tantas pruebas, y cada uno de nosotros, individualmente y como matrimonio, debemos ocuparnos de una gran variedad de tareas y de muchos problemas. La pareja y la familia deben ser un lugar que acoge al Se\u00f1or, donde se escucha su Palabra, para que no nos dispersemos con cosas secundarias, pero al mismo tiempo ocup\u00e1ndonos de ellas, sin perder de vista lo que es verdaderamente esencial.<\/p>\n<p>El Papa Francisco ha convocado a los obispos para un s\u00ednodo especial sobre la familia hoy. Es el desaf\u00edo de leer los signos de los tiempos en lo que concierne a la situaci\u00f3n de las parejas y de las familias en la Iglesia y en el mundo. Son muchos los signos negativos, contrarios, que atentan contra la dignidad del matrimonio y de la familia, seg\u00fan el principio y seg\u00fan el \u00ab pensamiento de Dios \u00bb sobre el matrimonio y la familia. Es necesario que cada uno de nosotros, en pareja y en familia, escuchemos el Evangelio sobre la familia, como Mar\u00eda, a los pies de Jes\u00fas.<\/p>\n<p>Queridisimos matrimonios, no teng\u00e1is miedo de poneros en sinton\u00eda con el sentir de la Iglesia en este tiempo tan complejo y problem\u00e1tico que estamos viviendo, en el que necesitamos verdaderamente escuchar la palabra del Se\u00f1or como Mar\u00eda, y estar dispuestos a trabajar en favor del matrimonio y de la familia cristiana en el mundo, la c\u00e9lula esencial de la Iglesia y de la sociedad. Sed valientemente fieles a la m\u00edstica de nuestro Movimiento, un don y un carisma que el Se\u00f1or dio a la Iglesia y que es tan necesario y actual como en los tiempos de su origen : busquemos juntos, como al principio, los caminos de fidelidad al Evangelio y a la Iglesia para que todos, Consiliarios Espirituales y matrimonios podamos, caminar hacia la santidad, porque por ah\u00ed pasa \u00ablo \u00fanico necesario \u00bb, \u00a0la mejor parte que jam\u00e1s nos ser\u00e1 quitada.<\/p>\n<p style=\"text-align: right;\"><strong><em>P. Jos\u00e9 Jacinto Ferreira de Farias, scj<\/em><\/strong><\/p>\n<hr \/>\n<h3 style=\"text-align: center;\"><a href=\"https:\/\/equipes-notre-dame.com\/sites\/default\/files\/courrier_eri-_version_definitive_sep2014_sp.pdf\" target=\"_blank\" rel=\"noopener noreferrer\">Clausura de la Investigaci\u00f3n en la Causa del Padre Henri Caffarel<\/a><\/h3>\n","protected":false},"excerpt":{"rendered":"<p>Jes\u00fas, en cierto pasaje del Evangelio, critica a los hombres de su tiempo por no ser capaces de leer en los acontecimientos los signos de la presencia de Dios en la historia&#8230;<\/p>\n","protected":false},"author":3,"featured_media":2296,"comment_status":"closed","ping_status":"closed","sticky":false,"template":"","format":"standard","meta":{"footnotes":"","_links_to":"","_links_to_target":""},"categories":[17],"tags":[],"translation":{"provider":"WPGlobus","version":"2.12.2","language":"es","enabled_languages":["fr","pt","es","it","en"],"languages":{"fr":{"title":true,"content":true,"excerpt":true},"pt":{"title":true,"content":true,"excerpt":true},"es":{"title":true,"content":true,"excerpt":true},"it":{"title":true,"content":true,"excerpt":true},"en":{"title":true,"content":true,"excerpt":true}}},"_links":{"self":[{"href":"https:\/\/equipes-notre-dame.com\/es\/wp-json\/wp\/v2\/posts\/1978"}],"collection":[{"href":"https:\/\/equipes-notre-dame.com\/es\/wp-json\/wp\/v2\/posts"}],"about":[{"href":"https:\/\/equipes-notre-dame.com\/es\/wp-json\/wp\/v2\/types\/post"}],"author":[{"embeddable":true,"href":"https:\/\/equipes-notre-dame.com\/es\/wp-json\/wp\/v2\/users\/3"}],"replies":[{"embeddable":true,"href":"https:\/\/equipes-notre-dame.com\/es\/wp-json\/wp\/v2\/comments?post=1978"}],"version-history":[{"count":0,"href":"https:\/\/equipes-notre-dame.com\/es\/wp-json\/wp\/v2\/posts\/1978\/revisions"}],"wp:featuredmedia":[{"embeddable":true,"href":"https:\/\/equipes-notre-dame.com\/es\/wp-json\/wp\/v2\/media\/2296"}],"wp:attachment":[{"href":"https:\/\/equipes-notre-dame.com\/es\/wp-json\/wp\/v2\/media?parent=1978"}],"wp:term":[{"taxonomy":"category","embeddable":true,"href":"https:\/\/equipes-notre-dame.com\/es\/wp-json\/wp\/v2\/categories?post=1978"},{"taxonomy":"post_tag","embeddable":true,"href":"https:\/\/equipes-notre-dame.com\/es\/wp-json\/wp\/v2\/tags?post=1978"}],"curies":[{"name":"wp","href":"https:\/\/api.w.org\/{rel}","templated":true}]}}