{"id":46,"date":"2019-03-27T11:07:27","date_gmt":"2019-03-27T11:07:27","guid":{"rendered":"http:\/\/equipes.nelsoncardeira.com\/?p=46"},"modified":"2025-07-19T21:50:10","modified_gmt":"2025-07-19T21:50:10","slug":"histoire-du-mouvement","status":"publish","type":"post","link":"https:\/\/equipes-notre-dame.com\/es\/historia-del-movimiento\/","title":{"rendered":"Historia del movimiento"},"content":{"rendered":"<h2>El Contexto Hist\u00f3rico<\/h2>\n<p>La creaci\u00f3n de un Movimiento de parejas deseosas de santificarse en y por el sacramento del matrimonio fue un gran evento en la Iglesia, una verdadera revoluci\u00f3n. Los Equipos de Nuestra Se\u00f1ora quieren ser un movimiento de Espiritualidad Conyugal y proponen una metodolog\u00eda de vida en equipo, en una \u00ab Comunidad cristiana de parejas \u00bb; lo cual, en aquella \u00e9poca, constituy\u00f3 una novedad y ahora se considera como un carisma, un regalo de Dios a su Iglesia.<\/p>\n<p>&nbsp;<\/p>\n<div style=\"max-width: 700px; margin: 0 auto;\">\n<h3><span style=\"font-family: -apple-system, BlinkMacSystemFont, 'Segoe UI', Roboto, Oxygen-Sans, Ubuntu, Cantarell, 'Helvetica Neue', sans-serif; font-size: 16px;\">\u00a0Los <\/span>Or\u00edgenes <em>(1938-1939)<\/em><\/h3>\n<div class=\"ready-accordion\" style=\"display: block;\">\n<p>Estamos en 1938. Cuatro parejas j\u00f3venes, cristianas comprometidas, quer\u00edan vivir su amor a la luz de su fe, y\u00a0 pidieron al Padre Henri Caffarel que las guiase en esta b\u00fasqueda. <em>\u00ab\u00a0<strong>Busquemos juntos\u00a0\u00bb,\u00a0<\/strong><\/em>les respondi\u00f3 el Padre Caffarel. El 25 de febrero de 1939, tuvo lugar la primera reuni\u00f3n en Par\u00eds.\u00a0 Poco a poco, durante las siguientes reuniones, aquellas j\u00f3venes parejas fueron descubriendo el matrimonio como la imagen viva del amor que une a Cristo a su Iglesia.<\/p>\n<p>&nbsp;<\/p>\n<\/div>\n<h3>LA CARTA\u00a0 (1947)<\/h3>\n<div class=\"ready-accordion\" style=\"display: block;\">\n<p>En 1947 se public\u00f3 la Carta de los Equipos de Nuestra Se\u00f1ora donde la noci\u00f3n de la espiritualidad conyugal comenz\u00f3 a esbozarse.\u00a0 Apoyados en la Carta, los Equipos de Nuestra Se\u00f1ora se desarrollaron r\u00e1pidamente en Francia, B\u00e9lgica y Suiza, m\u00e1s tarde en Europa, y en el Sur y Norte de Am\u00e9rica.<\/p>\n<p>&nbsp;<\/p>\n<\/div>\n<h3>Ier\u00a0 ENCUENTRO INTERNACIONAL EN LOURDES \u00a0\u00a0(Junio\u00a0 1954)<\/h3>\n<div class=\"ready-accordion\" style=\"display: block;\">\n<p>Tema general: \u00ab\u00a0<strong><em>\u00a0Los\u00a0 ENS, Movimiento Internacional\u00a0\u00bb.\u00a0<\/em><\/strong>\u00a0900 miembros de los ENS consagraron el Movimiento a Nuestra Se\u00f1ora.<\/p>\n<p>&nbsp;<\/p>\n<\/div>\n<h3>IIo ENCUENTRO INTERNACIONAL EN ROMA\u00a0 (Mayo 1959)<\/h3>\n<div class=\"ready-accordion\" style=\"display: block;\">\n<p><strong><em>Tema general: \u00a0\u00abVocaci\u00f3n e Itinerario de los ENS\u00bb. <\/em><\/strong><em>Cerca de 2050 miembros de los ENS son recibidos por el Papa Juan XXIII.\u00a0<\/em><\/p>\n<p>&nbsp;<\/p>\n<\/div>\n<h3><span class=\"ready-accordion-header expanded\">APROBACION DE LOS ESTATUTOS (Marzo 1960)<\/span><\/h3>\n<div class=\"ready-accordion\" style=\"display: block;\">\n<div id=\"acc-4\" class=\"ready-accordion\">El Movimiento de los ENS recibe el primer reconocimiento oficial de la Iglesia, con la aprobaci\u00f3n de sus estatutos por parte de Su Eminencia, el cardenal Maurice Feltin, arzobispo de Par\u00eds.<\/div>\n<p>&nbsp;<\/p>\n<\/div>\n<h3><span class=\"ready-accordion-header collapsed\">III ENCUENTRO INTERNACIONAL EN LOURDES (Junio\u00a0 1965)<\/span><\/h3>\n<div class=\"ready-accordion\">\n<p>Tema general:\u00a0\u00a0 <strong><em>\u00ab\u00a0Los ENS al servicio de un mandamiento nuevo\u00a0\u00bb.\u00a0<\/em><\/strong> En presencia de 7.000 miembros de los ENS, el Padre Caffarel\u00a0 revivi\u00f3\u00a0 la vocaci\u00f3n del Movimiento: la m\u00edstica del compartir y la puesta en com\u00fan, la caridad fraterna y el servicio a la Iglesia.<\/p>\n<p>&nbsp;<\/p>\n<\/div>\n<h3><span class=\"ready-accordion-header expanded\"><span class=\"ready-accordion-header\">IV ENCUENTRO INTERNACIONAL EN ROMA\u00a0(Mayo 1970)<\/span><\/span><\/h3>\n<div class=\"ready-accordion\">\n<div id=\"acc-6\" class=\"ready-accordion\">Tema general: \u00a0\u00a0<strong><em>\u00ab\u00a0El amor humano es un camino de santidad \u00ab\u00a0<\/em><\/strong> 8.000 parejas y 200 sacerdotes consiliarios espirituales provenientes de 23 pa\u00edses, escucharon al Papa Pablo VI\u00a0 confirmarles \u00ab\u00a0 <em>la vocaci\u00f3n propia de la pareja unida por el sacramento de<\/em><em>l matrimonio\u00bb. <\/em>Los Equipos de Nuestra Se\u00f1ora adquieren una dimensi\u00f3n internacional.<\/div>\n<p>&nbsp;<\/p>\n<\/div>\n<h3><span class=\"ready-accordion-header expanded\">RETIRO DEL PADRE CAFFAREL (Junio 1973)<\/span><\/h3>\n<div class=\"ready-accordion\">\n<div id=\"acc-7\" class=\"ready-accordion\">El Padre Caffarel decidi\u00f3 retirarse y dejar su lugar a\u00a0 un joven equipo responsable, acompa\u00f1ado por el padre \u00a0Roger Tandonnet como consiliario espiritual.<\/div>\n<p>&nbsp;<\/p>\n<\/div>\n<h3><span class=\"ready-accordion-header expanded\">ASOCIACION INTERNACIONAL CAT\u00d3LICA (Febrero 1975)<\/span><\/h3>\n<div class=\"ready-accordion\">\n<div id=\"acc-8\" class=\"ready-accordion\">Reconocimiento oficial por Roma los Equipos de Nuestra Se\u00f1ora como Asociaci\u00f3n Internacional Cat\u00f3lica.<\/div>\n<p>&nbsp;<\/p>\n<\/div>\n<h3><span class=\"ready-accordion-header expanded\">V ENCUENTRO INTERNACIONAL EN ROMA (Septiembre\u00a0 1976)<\/span><\/h3>\n<div class=\"ready-accordion\">\n<div id=\"acc-9\" class=\"ready-accordion\">Tema general : \u00ab\u00a0<strong>Los ENS al servicio de la Evangelizaci\u00f3n<\/strong>\u00a0\u00bb.<br \/>\nDespu\u00e9s de ese reconocimiento, el equipo responsable produjo un documento actualizado de la Carta: \u201cQu\u00e9 es un Equipo de Nuestro Se\u00f1ora \u2013 complemento a la Carta \u00bb.<br \/>\nPablo VI, en su discurso declar\u00f3 a los equipistas: \u00ab Conservad lo que sois\u00a0 desde el primer d\u00eda\u2026una verdadera escuela de espiritualidad para las parejas casadas.<br \/>\nDe este encuentro surgieron los Equipos de J\u00f3venes de Nuestra Se\u00f1ora (ENSJ).<\/div>\n<p>&nbsp;<\/p>\n<\/div>\n<h3><span class=\"ready-accordion-header expanded\">VI ENCUENTRO INTERNACIONAL EN ROMA (Septiembre\u00a0 1982)\u00a0\u00a0<\/span><\/h3>\n<div class=\"ready-accordion\">\n<div id=\"acc-10\" class=\"ready-accordion\">Tema general :<em>\u00a0\u00ab<strong>\u00a0Cristo marcha con nosotros<\/strong>\u00a0\u00bb<\/em><br \/>\n5000 peregrinos fueron acogidos por el Papa Juan Pablo II :<em> \u00abEl matrimonio cristiano es una Pascua\u00bb.\u00a0<\/em><\/div>\n<p>&nbsp;<\/p>\n<\/div>\n<h3><em><span class=\"ready-accordion-header expanded\">ENCUENTRO DE RESPONSABLES EN\u00a0 CHANTILLY (Mayo 3, 1987)<\/span><\/em><\/h3>\n<div class=\"ready-accordion\">\n<div id=\"acc-11\" class=\"ready-accordion\">Un encuentro de parejas responsables regionales de Europa tuvo lugar en Chantilly, el 3 de mayo de 1987, para celebrar los 40 a\u00f1os de la CARTA.<br \/>\nEl Padre Caffarel invitado a ese Encuentro pronunci\u00f3 un discurso de referencia titulado \u00ab\u00a0<em>El carisma fundador de los ENS<\/em>\u00a0\u00bb.<\/div>\n<p>&nbsp;<\/p>\n<\/div>\n<h3><span class=\"ready-accordion-header expanded\">VII ENCUENTRO INTERNACIONAL EN LOURDES\u00a0 (Septiembre 1988)<\/span><\/h3>\n<div class=\"ready-accordion\">\n<div id=\"acc-12\" class=\"ready-accordion\">Tema general : \u00ab <strong>El Segundo Aliento\u00a0<\/strong>\u00bb<br \/>\n\u00ab El Segundo Aliento\u00a0 \u00bb es un punto de partida, una postura, un texto de referencia, una llamada a la creatividad, lanzada a todos los equipos del mundo.<br \/>\nEs en este esp\u00edritu que 3.400 parejas y 260 sacerdotes se re\u00fanen en Lourdes para confirmar la misi\u00f3n de los ENS: asegurar la difusi\u00f3n de la espiritualidad conyugal, recordando que el sacramento del matrimonio exige abnegaci\u00f3n y que es\u00a0 camino de amor, de felicidad y de santidad.<\/div>\n<p>&nbsp;<\/p>\n<\/div>\n<h3><span class=\"ready-accordion-header expanded\">DECRETO DE RECONOCIMIENTO DE LOS ENS (Abril 1992)<\/span><\/h3>\n<div class=\"ready-accordion\">\n<div id=\"acc-13\" class=\"ready-accordion\">Reconocimiento de los Equipos de Nuestra Se\u00f1ora por el Consejo Pontificio de Laicos como una asociaci\u00f3n internacional de fieles de derecho privado y la aprobaci\u00f3n de los estatutos <em>ad experimentum<\/em>.<\/div>\n<p>&nbsp;<\/p>\n<\/div>\n<h3><span class=\"ready-accordion-header expanded\">VIII ENCUENTRO INTERNACIONAL EN FATIMA (Julio 1994)<\/span><\/h3>\n<div class=\"ready-accordion\">\n<div id=\"acc-14\" class=\"ready-accordion\">Teme general : <strong>\u00ab Ser una familia en la Iglesia de hoy y en el mundo \u00bb<\/strong><br \/>\nEn el cuadro del a\u00f1o internacional de la Familia, 5200 miembros de los ENS representando a 49 pa\u00edses, reunidos en F\u00e1tima, fueron invitados a las \u00ab\u00a0<em>Bodas de Can\u00e1<\/em>\u00a0\u00bb<\/div>\n<\/div>\n<h3><\/h3>\n<h3><span class=\"ready-accordion-header expanded\">DECESO DEL FUNDADOR (1996)<\/span><\/h3>\n<div class=\"ready-accordion\">\n<div id=\"acc-15\" class=\"ready-accordion\">El 18 de Septiembre de 1996, el padre\u00a0 Henri Caffarel, a la edad de 93 a\u00f1os, volvi\u00f3 a la Casa del Padre. El Padre Caffarel falleci\u00f3 en la Casa de\u00a0 Troussures, donde hab\u00eda fundado una \u00ab escuela de oraci\u00f3n \u00bb, tras haber dejado la animaci\u00f3n del Movimiento en 1973. Fue enterrado en un lugar\u00a0 del peque\u00f1o cementerio de Troussures.<br \/>\nEn el discurso pronunciado durante sus exequias, el Cardenal Lustiger calific\u00f3 al Padre Caffarel como<em>\u00a0\u00ab Profeta de Nuestro tiempo \u00bb.\u00a0<\/em><\/div>\n<p>&nbsp;<\/p>\n<\/div>\n<h3><span class=\"ready-accordion-header expanded\">CINCUENTENARIO DE LA CARTA (Diciembre 8, 1997)<\/span><\/h3>\n<div class=\"ready-accordion\">\n<div id=\"acc-16\" class=\"ready-accordion\">El cincuenta aniversario de la promulgaci\u00f3n de la Carta fundacional fue celebrado en todos los pa\u00edses. Para celebrar los 50 a\u00f1os de la carta, tuvo lugar una ceremonia internacional en la cripta de la Iglesia de San Agust\u00edn en Par\u00eds.<br \/>\nDurante esta ceremonia se ley\u00f3 un mensaje del Papa Juan Pablo II en el cual presentaba a los ENS como <strong><em>un fermento de renovaci\u00f3n en la Iglesia<\/em><\/strong>.<\/div>\n<p>&nbsp;<\/p>\n<\/div>\n<h3><span class=\"ready-accordion-header expanded\">IX ENCUENTRO INTERNACIONAL EN SANTIAGO DE COMPOSTELA (Septiembre 2000)<\/span><\/h3>\n<div class=\"ready-accordion\">\n<div id=\"acc-17\" class=\"ready-accordion\">Tema general : <strong>\u00ab La pareja, imagen de Dios trinitario \u00bb<\/strong><br \/>\n3400 parejas y 300 sacerdotes consiliarios espirituales, provenientes de 57 pa\u00edses de los 5 continentes, se reunieron en Santiago de Compostela (Espa\u00f1a).<br \/>\nEl Papa Juan Pablo II record\u00f3 en esta ocasi\u00f3n que los ENS ten\u00edan:<em>\u00a0\u00ab\u00a0<strong>la misi\u00f3n de proponer una espiritualidad conyugal y familiar arraigada en el sacramento del matrimonio<\/strong>\u00a0\u00bb.<\/em><\/div>\n<p>&nbsp;<\/p>\n<\/div>\n<h3><span class=\"ready-accordion-header expanded\">CONFIRMACION DEL DECRETO DE RECONOCIMIENTO (Julio 2002)<\/span><\/h3>\n<div class=\"ready-accordion\">\n<div id=\"acc-18\" class=\"ready-accordion\">El Consejo Pontificio para los Laicos reconoci\u00f3 a los Equipos de Nuestra Se\u00f1ora como una asociaci\u00f3n internacional privada de fieles, con personalidad jur\u00eddica, y aprob\u00f3 definitivamente sus estatutos.<\/div>\n<p>&nbsp;<\/p>\n<\/div>\n<h3><span class=\"ready-accordion-header expanded\">Ier ENCUENTRO REGIONAL EN ROMA (Enero 2003)<\/span><\/h3>\n<div class=\"ready-accordion\">\n<div id=\"acc-19\" class=\"ready-accordion\">Teme general : <strong>\u00ab Parejas llamadas por Cristo a la Alianza Nueva \u00bb.<\/strong><br \/>\nEste Encuentro en el cual participaron los principales responsables del Movimiento de todo el mundo, 260 personas, tuvo por objeto reflexionar sobre las perspectivas y prioridades de los ENS para los pr\u00f3ximos a\u00f1os.<br \/>\nEl Papa Juan Pablo II recibi\u00f3 a los ENS en una audiencia privada.<\/div>\n<p>&nbsp;<\/p>\n<\/div>\n<h3><span class=\"ready-accordion-header expanded\">X ENCUENTRO INTERNACIONAL EN LOURDES (Septiembre 2006)<\/span><\/h3>\n<div class=\"ready-accordion\">\n<div id=\"acc-20\" class=\"ready-accordion\">Tema general : <strong>\u00ab Equipos de Nuestra Se\u00f1ora, comunidades vivas de parejas, reflejo del amor de Cristo \u00bb.<\/strong><br \/>\nCerca de 8100 miembros de los Equipos de Nuestra Se\u00f1ora, provenientes de m\u00e1s de cincuenta pa\u00edses de los cinco continentes se reunieron en el Santuario de Lourdes..<br \/>\n<strong>Este encuentro fue marcado por \u00abla apertura de la causa de canonizaci\u00f3n del Padre Caffarel\u00bb.\u00a0\u00a0<\/strong><\/div>\n<p>&nbsp;<\/p>\n<\/div>\n<h3><span class=\"ready-accordion-header expanded\">60 A\u00d1OS DE LA CARTA (Diciembre 2007)<\/span><\/h3>\n<div class=\"ready-accordion\">\n<div id=\"acc-21\" class=\"ready-accordion\">Para conmemorar los 60 a\u00f1os de la Carta, el Equipo Responsable Internacional (ERI) invit\u00f3 a sus antiguos miembros (35 parejas y 4 consiliarios) a un Encuentro en Massabielle, sobre el tema \u00ab <em><strong>Memorias y Perspectivas<\/strong><\/em>\u00a0\u00bb.<br \/>\nEl s\u00e1bado 8 de diciembre, en la iglesia de San Agust\u00edn en Par\u00eds, se celebr\u00f3 una misa\u00a0 con la presencia del ERI, sus antiguos miembros y un gran n\u00famero de equipistas.<\/div>\n<p>&nbsp;<\/p>\n<\/div>\n<h3><span class=\"ready-accordion-header expanded\">II ENCUENTRO DE REGIONALES EN ROMA\u00a0 (Enero 2009)<\/span><\/h3>\n<div class=\"ready-accordion\">\n<div id=\"acc-22\" class=\"ready-accordion\">Teme general : <strong>\u00ab Estoy en medio de vosotros como el que sirve \u00bb\u00a0<\/strong><br \/>\nEn torno a\u00a0 esta frase de San Lucas que se reunieron las 134 parejas y 8 consiliarios espirituales de todo el mundo.<br \/>\nEl hilo conductor de todas las conferencias, testimonios y reuniones fue<strong>\u00a0la urgencia por el servicio y por la misi\u00f3n de dar testimonio del Amor de Dios<\/strong>.<\/div>\n<p>&nbsp;<\/p>\n<\/div>\n<h3><span class=\"ready-accordion-header expanded\">COLOQUIO SOBRE EL PADRE\u00a0 CAFFAREL (Diciembre 2010)<\/span><\/h3>\n<div class=\"ready-accordion\">\n<div id=\"acc-23\" class=\"ready-accordion\">La asociaci\u00f3n de Amigos del Padre Caffarel, al mismo tiempo que apoya la causa de canonizaci\u00f3n, desea contribuir a dar a conocer mejor la figura y la obra del padre Caffarel. A tal fin se celebr\u00f3 un coloquio cient\u00edfico en el Colegio de los Bernardinos en Par\u00eds\u00a0 los d\u00edas 3 y 4 de Diciembre de 2010.<\/div>\n<p>&nbsp;<\/p>\n<\/div>\n<h3><span class=\"ready-accordion-header expanded\">XI ENCUENTRO INTERNACIONAL EN BRASILIA(Julio 2012)<\/span><\/h3>\n<div class=\"ready-accordion\">\n<div id=\"acc-24\" class=\"ready-accordion\">Tema general : <strong>\u00ab Atreverse al Evangelio \u00bb<\/strong><br \/>\n3.500 parejas y cerca de 500 consiliarios espirituales participaron en este encuentro. Fue el primero que tuvo lugar fuera de Europa, en Brasil, de acuerdo con el esp\u00edritu internacional de nuestro Movimiento.\u00a0 Las orientaciones emanadas del encuentro para los pr\u00f3ximos a\u00f1os 2012 \u2013 2018,\u00a0 se apoyan en tres ideas:<br \/>\nParejas:\u00a0 Atreverse a un coraz\u00f3n inmerso en el Amor de Cristo;<br \/>\nAtreverse a acoger y cuidad de los Hombres;<br \/>\nAtreverse a vivir cada d\u00eda en el Mundo al servicio de la Iglesia.<\/div>\n<p>&nbsp;<\/p>\n<\/div>\n<h3>CLAUSURA DE LA ENCUESTA DIOCESANA POR LA CANONIZACI\u00d3N DEL PADRE CAFFAREL (18 octubre 2014)<\/h3>\n<div class=\"ready-accordion\">\n<p>La documentaci\u00f3n completa de la causa de canonizaci\u00f3n fue sellada, para ser enviada a Roma, durante una ceremonia solemne presidida por Mons.\u00a0 de Moulins-Beaufort \u2013 Obispo auxiliar de Par\u00eds, en la iglesia de San Agust\u00edn de Par\u00eds \u2013 antigua parroquia del Padre Caffarel.<\/p>\n<p>&nbsp;<\/p>\n<\/div>\n<h3><span class=\"ready-accordion-header expanded\">IIIr ENCUENTRO DE REGIONALES EN ROMA (septiembre 2015)<\/span><\/h3>\n<div class=\"ready-accordion\">\n<div id=\"acc-26\" class=\"ready-accordion\">Tema general: <strong>\u00abHeme aqu\u00ed Se\u00f1or, env\u00edame\u00bb (Is 6,8).<\/strong> Esta palabra de Isa\u00edas fue el hilo conductor del encuentro de las 164 parejas y 21 consiliarios venidos de todos los rincones del mundo. El pensamiento del Padre Caffarel, el amor en la pareja, el sacramento del matrimonio, el porvenir de la familia, los j\u00f3venes, la vocaci\u00f3n y la misi\u00f3n de los Equipos&#8230;.fueron los principales temas abordados durante este encuentro. El Papa Francisco recibi\u00f3 a los Equipos en audiencia privada.<\/div>\n<\/div>\n<\/div>\n<h3><\/h3>\n<p>&nbsp;<\/p>\n<div style=\"max-width: 700px; margin: 0 auto;\">\n<div class=\"ready-accordion\">\n<div class=\"ready-accordion\">\n<h3><span class=\"ready-accordion-header expanded\">XII ENCUENTRO INTERNACIONAL EN FATIMA (Julio 2018)<\/span><\/h3>\n<div class=\"ready-accordion\">\n<div id=\"acc-14\" class=\"ready-accordion\">Teme general : <strong>\u00ab Reconciliaci\u00f3n, signo de amor \u00bb <\/strong>La Par\u00e1bola del Hijo Pr\u00f3digo fue el hilo conductor del encuentro con la participaci\u00f3n de unas 4250 parejas y unos 500 consiliarios venidos de todo el mundo. Se entreg\u00f3 a todos los participantes, el documento Vocaci\u00f3n y Misi\u00f3n. La orientaci\u00f3n general: No tengan miedo, salgamos, tendr\u00e1 varios acentos anuales u orientaciones espec\u00edficas:<\/div>\n<div class=\"ready-accordion\">Salgamos a servir, asumiendo nuestras fragilidades, 2018-2019<\/div>\n<div class=\"ready-accordion\">Llamados a ser santos, 2019-2020<\/div>\n<div class=\"ready-accordion\">Matrimonio, sacramento de Misi\u00f3n, 2020-2021<\/div>\n<div class=\"ready-accordion\">La pareja cristiana, fermento renovador de la familia y de la sociedad, 2021-2022<\/div>\n<\/div>\n<\/div>\n<\/div>\n<\/div>\n<div style=\"padding-left: 40px;\"><\/div>\n<div><\/div>\n<div><a href=\"https:\/\/equipes-notre-dame.com\/es\/el-equipo-resp\u2026-internacional\/\">El Equipo Responsable Internacional. 2018-2024<\/a><\/div>\n","protected":false},"excerpt":{"rendered":"<p>Fue en 1939 cuando  4 parejas que quer\u00edan ayuda para crecer espiritualmente llamaron al Padre Caffarel&#8230;<\/p>\n","protected":false},"author":3,"featured_media":2587,"comment_status":"closed","ping_status":"closed","sticky":false,"template":"","format":"standard","meta":{"footnotes":"","_links_to":"","_links_to_target":""},"categories":[14],"tags":[],"translation":{"provider":"WPGlobus","version":"2.12.2","language":"es","enabled_languages":["fr","pt","es","it","en"],"languages":{"fr":{"title":true,"content":true,"excerpt":true},"pt":{"title":true,"content":true,"excerpt":true},"es":{"title":true,"content":true,"excerpt":true},"it":{"title":true,"content":true,"excerpt":true},"en":{"title":true,"content":true,"excerpt":true}}},"_links":{"self":[{"href":"https:\/\/equipes-notre-dame.com\/es\/wp-json\/wp\/v2\/posts\/46"}],"collection":[{"href":"https:\/\/equipes-notre-dame.com\/es\/wp-json\/wp\/v2\/posts"}],"about":[{"href":"https:\/\/equipes-notre-dame.com\/es\/wp-json\/wp\/v2\/types\/post"}],"author":[{"embeddable":true,"href":"https:\/\/equipes-notre-dame.com\/es\/wp-json\/wp\/v2\/users\/3"}],"replies":[{"embeddable":true,"href":"https:\/\/equipes-notre-dame.com\/es\/wp-json\/wp\/v2\/comments?post=46"}],"version-history":[{"count":20,"href":"https:\/\/equipes-notre-dame.com\/es\/wp-json\/wp\/v2\/posts\/46\/revisions"}],"predecessor-version":[{"id":3630,"href":"https:\/\/equipes-notre-dame.com\/es\/wp-json\/wp\/v2\/posts\/46\/revisions\/3630"}],"wp:featuredmedia":[{"embeddable":true,"href":"https:\/\/equipes-notre-dame.com\/es\/wp-json\/wp\/v2\/media\/2587"}],"wp:attachment":[{"href":"https:\/\/equipes-notre-dame.com\/es\/wp-json\/wp\/v2\/media?parent=46"}],"wp:term":[{"taxonomy":"category","embeddable":true,"href":"https:\/\/equipes-notre-dame.com\/es\/wp-json\/wp\/v2\/categories?post=46"},{"taxonomy":"post_tag","embeddable":true,"href":"https:\/\/equipes-notre-dame.com\/es\/wp-json\/wp\/v2\/tags?post=46"}],"curies":[{"name":"wp","href":"https:\/\/api.w.org\/{rel}","templated":true}]}}