{"id":642,"date":"2017-04-27T11:55:39","date_gmt":"2017-04-27T11:55:39","guid":{"rendered":"http:\/\/equipes.nelsoncardeira.com\/?p=642"},"modified":"2017-04-27T11:55:39","modified_gmt":"2017-04-27T11:55:39","slug":"comentario-mensal-sobre-a-alegria-do-amor-pelo-padre-jacinto-farias","status":"publish","type":"post","link":"https:\/\/equipes-notre-dame.com\/es\/comentario-mensual-de-la-alegria-del-amor-del-padre-farias\/","title":{"rendered":"Comentario mensual de \u00abLa alegr\u00eda del Amor\u00bb del Padre Far\u00edas"},"content":{"rendered":"<h2>AMORIS LAETITIA- El primer cap\u00edtulo<\/h2>\n<p style=\"font-weight: 400;\">El primer cap\u00edtulo de la exhortaci\u00f3n apost\u00f3lica post sinodal del papa Francisco es, de cierto modo, program\u00e1tico.\u00a0 Comienza por una meditaci\u00f3n en la cual el Papa Francisco considera la realidad de la pareja y de la familia a la luz de la Palabra de Dios.\u00a0 <las Palabra de Dios que descubrimos en la Santas Escrituras, expresa por una parte, el pensamiento de Dios sobre el hombre y por otra parte, la historia de los hombres y mujeres de los cuales Dios se hace compa\u00f1ero de viaje, sin abandonarlos jam\u00e1s, cualesquiera que sean las circunstancias : \u00ab La Palabra de Dios no se revela como una secuencia de tesis abstracticas, sino como una compa\u00f1era de viaje, compuesta por las familias que est\u00e1n crisis o est\u00e1n confrontadas a n sufrimiento u otro, y les muestra el objetivo de camino \u00bb\u00a0 (AL 22).\n\nAl inspirarse en el salmo 128, el Papa Francisco expresa el pensamiento de Dios sobre el hombre y sobre la familia: El desea que ellos crezcan a la imagen y semejanza de la Sant\u00edsima Trinidad: \u00abEl Dios Trinidad es comuni\u00f3n de amor y la familia es su reflejo vivo \u00bb (AL 11).\u00a0 Pero tambi\u00e9n \u00e9l recuerda, como lo muestra la Sagrada Escritura a trav\u00e9s de la historia de personajes tales como\u00a0 David, figura hist\u00f3rica y Ad\u00e1n y Eva, todo el realismo de su grandeza y de su miseria, de su nobleza y de su\u00a0 fragilidad.\u00a0 Estos \u00faltimos representan al hombre y a la mujer: \u00ab Ad\u00e1n que tambi\u00e9n es el hombre de todos los tiempos\u00a0 y de todas las generaciones de nuestro planeta, con su esposa, es el origen de una nueva familia, como lo afirma Jes\u00fas citando el G\u00e9nesis: \u00ab\u00a0 Dejar\u00e1 a su padre y a\u00a0 su madre, y los dos formar\u00e1n una sola carne \u00bb (Mt 19,5; cf. Gn 2,24), (AL 13). Esta noci\u00f3n de fragilidad \u00ab un camino de sufrimiento y de sangre \u00bb expresada en las Sagradas Escrituras existe, no solamente teniendo en cuenta el pensamiento de Dios, sino tambi\u00e9n las paradojas de la libertad humana.\u00a0 El \u00ab pecado \u00bb\u00a0 (AL 19), que\u00a0 mina y oscurece el plan de Dios sobre el hombre, es su misma manifestaci\u00f3n.\u00a0 De todas maneras, Dios no renuncia a su proyecto, El\u00a0 lo muestra por el amor divino incondicional, expresado por la\u00a0 \u00ab misericordia, por el perd\u00f3n y por ternura \u00bb (AL 27-28).\n\nAs\u00ed es como el Papa Francisco, con mucho realismo, pero tambi\u00e9n con una gran confianza, nos invita a meditar sobre la \u00ab alegr\u00eda del amor \u00bb; el amor familiar en\u00a0 primer lugar, pero tambi\u00e9n el amor por todo lo que es digno de ese nombre en nuestra relaci\u00f3n\u00a0 con los dem\u00e1s.\u00a0 En efecto, hijos de un mismo Padre Dios, y de una misma Madre, la Iglesia, somos hermanos ; las relaciones familiares, marcadas por la misericordia, el perd\u00f3n y la ternura son el denominador com\u00fan que nos une a todos en el Se\u00f1or : \u00ab Por\u00a0 ese hecho de fe y de amor, de gracia y de compromiso, de familia humana y de Trinidad divina, contemplamos la familia\u00a0 que la Palabra de Dios pone en manos del hombre, de la mujer y\u00a0 de los hijos para que ellos formen una comuni\u00f3n de personas, que sea imagen\u00a0 de la uni\u00f3n el Padre, el Hijo y el Esp\u00edritu Santo. \u00bb (AL 29).<\/p>\n<p style=\"font-weight: 400;\">\n<b><strong> Jos\u00e9 Jacinto Ferreira de Farias, scj<br \/>\nConsiliario Espiritual del ERI<\/strong><\/b><\/p>\n","protected":false},"excerpt":{"rendered":"<p>AMORIS LAETITIA- El primer cap\u00edtulo<\/p>\n","protected":false},"author":3,"featured_media":643,"comment_status":"closed","ping_status":"closed","sticky":false,"template":"","format":"standard","meta":{"footnotes":"","_links_to":"","_links_to_target":""},"categories":[6],"tags":[],"translation":{"provider":"WPGlobus","version":"2.12.2","language":"es","enabled_languages":["fr","pt","es","it","en"],"languages":{"fr":{"title":true,"content":true,"excerpt":true},"pt":{"title":true,"content":true,"excerpt":true},"es":{"title":true,"content":true,"excerpt":true},"it":{"title":true,"content":true,"excerpt":true},"en":{"title":true,"content":true,"excerpt":true}}},"_links":{"self":[{"href":"https:\/\/equipes-notre-dame.com\/es\/wp-json\/wp\/v2\/posts\/642"}],"collection":[{"href":"https:\/\/equipes-notre-dame.com\/es\/wp-json\/wp\/v2\/posts"}],"about":[{"href":"https:\/\/equipes-notre-dame.com\/es\/wp-json\/wp\/v2\/types\/post"}],"author":[{"embeddable":true,"href":"https:\/\/equipes-notre-dame.com\/es\/wp-json\/wp\/v2\/users\/3"}],"replies":[{"embeddable":true,"href":"https:\/\/equipes-notre-dame.com\/es\/wp-json\/wp\/v2\/comments?post=642"}],"version-history":[{"count":0,"href":"https:\/\/equipes-notre-dame.com\/es\/wp-json\/wp\/v2\/posts\/642\/revisions"}],"wp:featuredmedia":[{"embeddable":true,"href":"https:\/\/equipes-notre-dame.com\/es\/wp-json\/wp\/v2\/media\/643"}],"wp:attachment":[{"href":"https:\/\/equipes-notre-dame.com\/es\/wp-json\/wp\/v2\/media?parent=642"}],"wp:term":[{"taxonomy":"category","embeddable":true,"href":"https:\/\/equipes-notre-dame.com\/es\/wp-json\/wp\/v2\/categories?post=642"},{"taxonomy":"post_tag","embeddable":true,"href":"https:\/\/equipes-notre-dame.com\/es\/wp-json\/wp\/v2\/tags?post=642"}],"curies":[{"name":"wp","href":"https:\/\/api.w.org\/{rel}","templated":true}]}}