{"id":793,"date":"2016-09-28T09:09:49","date_gmt":"2016-09-28T09:09:49","guid":{"rendered":"http:\/\/equipes.nelsoncardeira.com\/?p=793"},"modified":"2016-09-28T09:09:49","modified_gmt":"2016-09-28T09:09:49","slug":"visit-of-the-sr-french-speaking-africa","status":"publish","type":"post","link":"https:\/\/equipes-notre-dame.com\/es\/visita-del-sr-africa-francofona\/","title":{"rendered":"Visita del SR \u00c1frica Franc\u00f3fona"},"content":{"rendered":"<p>Jos\u00e9 Antonio y Amaya MARC\u00c9N-ECHANDI, matrimonio enlace del ERI para la Zona Eur\u00e1frica, visit\u00f3 la SR \u00c1frica Franc\u00f3fona, del 6 al 15 de agosto pasado. Varios importantes eventos tuvieron lugar durante su visita a Togo y Benin, 2 de los 16 pa\u00edses de esta din\u00e1mica SR con unos 700 equipos.<br \/>\nEl d\u00eda 7 se celebr\u00f3 la misa conmemorativa de los 30 a\u00f1os de Equipos en Togo. Tuvo lugar en la di\u00f3cesis de Aneho, y fue la ocasi\u00f3n de una gran fiesta y tambi\u00e9n de difusi\u00f3n del Movimiento. Al d\u00eda siguiente tuvo lugar una visita al arzobispo de Lom\u00e9, Msr. Denis AMUZU.<\/p>\n<p>Del 9 al 14, en Cotonou (Benin), tuvieron lugar sucesivamente los Colegios de la SR \u00c1frica Franc\u00f3fona y el de la Regi\u00f3n Ouest Maritime que nos acog\u00eda. Al Colegio Superregional asistieron los matrimonios responsables de las cuatro regiones\u00a0 y sus consiliarios.<br \/>\nEs un encuentro de gran importancia que no puede celebrarse todos los a\u00f1os a causa de las distancias, los costes y las dificultades burocr\u00e1ticas entre los pa\u00edses.<br \/>\nEl Colegio de la Regi\u00f3n Ouest Maritime, por su parte, fue una ocasi\u00f3n de reflexi\u00f3n sobre las necesidades del movimiento en Africa y tambi\u00e9n ocasi\u00f3n de formaci\u00f3n para todos los responsables de sector asistentes. Estos colegios fueron clausurados en una alegre Misa presidida por el vicario general de la di\u00f3cesis de Cotonou, P. Philippe KINKPON.<\/p>\n<p><img loading=\"lazy\" decoding=\"async\" class=\"alignnone size-full wp-image-795\" src=\"\/wp-content\/uploads\/2019\/05\/ouverture_college_region.jpg\" alt=\"\" width=\"1200\" height=\"900\" srcset=\"https:\/\/equipes-notre-dame.com\/wp-content\/uploads\/2019\/05\/ouverture_college_region.jpg 1200w, https:\/\/equipes-notre-dame.com\/wp-content\/uploads\/2019\/05\/ouverture_college_region-300x225.jpg 300w, https:\/\/equipes-notre-dame.com\/wp-content\/uploads\/2019\/05\/ouverture_college_region-1024x768.jpg 1024w, https:\/\/equipes-notre-dame.com\/wp-content\/uploads\/2019\/05\/ouverture_college_region-768x576.jpg 768w\" sizes=\"(max-width: 1200px) 100vw, 1200px\" \/><\/p>\n<p><a href=\"https:\/\/www.flickr.com\/photos\/135756894@N05\/albums\/72157673904468905\" target=\"_blank\" rel=\"noopener noreferrer\">Voir l&#8217;album photo<\/a><\/p>\n","protected":false},"excerpt":{"rendered":"<p>Jos\u00e9 Antonio y Amaya MARC\u00c9N-ECHANDI, matrimonio enlace del ERI para la Zona Eur\u00e1frica, visit\u00f3 la SR \u00c1frica Franc\u00f3fona, del 6 al 15 de agosto pasado. Nos dicen su visita.<\/p>\n","protected":false},"author":3,"featured_media":794,"comment_status":"closed","ping_status":"closed","sticky":false,"template":"","format":"standard","meta":{"footnotes":"","_links_to":"","_links_to_target":""},"categories":[6],"tags":[],"translation":{"provider":"WPGlobus","version":"2.12.2","language":"es","enabled_languages":["fr","pt","es","it","en"],"languages":{"fr":{"title":true,"content":true,"excerpt":true},"pt":{"title":true,"content":true,"excerpt":true},"es":{"title":true,"content":true,"excerpt":true},"it":{"title":true,"content":true,"excerpt":true},"en":{"title":true,"content":true,"excerpt":true}}},"_links":{"self":[{"href":"https:\/\/equipes-notre-dame.com\/es\/wp-json\/wp\/v2\/posts\/793"}],"collection":[{"href":"https:\/\/equipes-notre-dame.com\/es\/wp-json\/wp\/v2\/posts"}],"about":[{"href":"https:\/\/equipes-notre-dame.com\/es\/wp-json\/wp\/v2\/types\/post"}],"author":[{"embeddable":true,"href":"https:\/\/equipes-notre-dame.com\/es\/wp-json\/wp\/v2\/users\/3"}],"replies":[{"embeddable":true,"href":"https:\/\/equipes-notre-dame.com\/es\/wp-json\/wp\/v2\/comments?post=793"}],"version-history":[{"count":0,"href":"https:\/\/equipes-notre-dame.com\/es\/wp-json\/wp\/v2\/posts\/793\/revisions"}],"wp:featuredmedia":[{"embeddable":true,"href":"https:\/\/equipes-notre-dame.com\/es\/wp-json\/wp\/v2\/media\/794"}],"wp:attachment":[{"href":"https:\/\/equipes-notre-dame.com\/es\/wp-json\/wp\/v2\/media?parent=793"}],"wp:term":[{"taxonomy":"category","embeddable":true,"href":"https:\/\/equipes-notre-dame.com\/es\/wp-json\/wp\/v2\/categories?post=793"},{"taxonomy":"post_tag","embeddable":true,"href":"https:\/\/equipes-notre-dame.com\/es\/wp-json\/wp\/v2\/tags?post=793"}],"curies":[{"name":"wp","href":"https:\/\/api.w.org\/{rel}","templated":true}]}}