{"id":804,"date":"2016-09-27T08:13:40","date_gmt":"2016-09-27T08:13:40","guid":{"rendered":"http:\/\/equipes.nelsoncardeira.com\/?p=804"},"modified":"2016-09-27T08:13:40","modified_gmt":"2016-09-27T08:13:40","slug":"interview-with-to-and-ze-moura-soares","status":"publish","type":"post","link":"https:\/\/equipes-notre-dame.com\/es\/entrevista-de-to-y-ze-moura-soares\/","title":{"rendered":"Entrevista de To y Z\u00e9 Moura-Soares"},"content":{"rendered":"<h3><em>Como responsables internacionales de los Equipos de Nuestra Se\u00f1ora, anunciasteis durante el \u00faltimo Colegio Internacional de Swanwick, que el 12 avo Encuentro Internacional de los equipistas de Nuestra Se\u00f1ora\u00a0 tendr\u00e1 lugar en F\u00e1tima (Portugal) del 16 al21 de julio de 2018.<\/em><br \/>\n<em>\u00bfNos podr\u00edais dar la raz\u00f3n\u00a0 de la escogencia de ese lugar?<\/em><\/h3>\n<p>F\u00e1tima fue escogida por los responsables regionales que participaron en el Encuentro Internacional de Regionales en Roma 2015.<br \/>\nEs pues el resultado de las consultas hechas por el ERI a todas las parejas presentes: el Santuario de F\u00e1tima fue escogido por una mayor\u00eda de m\u00e1s de 60%.<\/p>\n<h3><em>\u00bfCu\u00e1l es el papel de los Encuentro Internacionales en la vida del Movimiento?<\/em><\/h3>\n<p>Es un gran reto para vivir la internacionalidad en la unidad y\u00a0 tomar conciencia de las nuevas orientaciones del Movimiento definidas por el ERI cada seis a\u00f1os.<br \/>\nLas orientaciones son las propuestas cuyo objetivos que los ENS puedan hacer un verdadero camino de unidad.<\/p>\n<p><img loading=\"lazy\" decoding=\"async\" class=\"size-full wp-image-807 aligncenter\" src=\"\/wp-content\/uploads\/2019\/05\/sanctuairefatima.jpg\" alt=\"\" width=\"397\" height=\"198\" srcset=\"https:\/\/equipes-notre-dame.com\/wp-content\/uploads\/2019\/05\/sanctuairefatima.jpg 397w, https:\/\/equipes-notre-dame.com\/wp-content\/uploads\/2019\/05\/sanctuairefatima-300x150.jpg 300w\" sizes=\"(max-width: 397px) 100vw, 397px\" \/><\/p>\n<h3><em>El padre Caffarel asociaba estos grandes encuentros a las peregrinaciones \u00bfQu\u00e9 pens\u00e1is al respecto?<\/em><\/h3>\n<p>Estamos totalmente de acuerdo con esta visi\u00f3n.<br \/>\nPoder participar en un gran Encuentro es una oportunidad que nos lleva a madurar\u00a0 el sentido profundo del peregrinaje, primero en pareja y luego en el seno del Movimiento, porque es muy importante cuidar a quien marcha a nuestros costados.<\/p>\n<h3><em>\u00bfEse pr\u00f3ximo encuentro tendr\u00e1 un tema? \u00bfCual?<\/em><br \/>\n<em>\u00bfPodr\u00edas decirnos cu\u00e1les son las palabras clave?<\/em><\/h3>\n<p>Seguramente que habr\u00e1 un tema. Siempre es alrededor de un Evangelio que el ERI escoge y es partir desea escogencia que se busca responder\u00e1 las inquietudes actuales de la Iglesia y del mundo.<br \/>\nEl Papa Francisco nos ha recordado que las parejas de los ENS est\u00e1n llamadas, m\u00e1s que nunca, a la misi\u00f3n; pero seg\u00fan nuestro carisma y vocaci\u00f3n de amor. Claro que habr\u00e1 un tema. Siempre es alrededor del Evangelio que el ERI su discernimiento y es partir de esa escogencia que se trata de responder a las inquietudes actuales\u00a0 de la Iglesia y del mundo.<\/p>\n<p><img loading=\"lazy\" decoding=\"async\" class=\"size-full wp-image-805 aligncenter\" src=\"\/wp-content\/uploads\/2019\/05\/to_et_ze_redimensionnes.jpg\" alt=\"\" width=\"263\" height=\"233\" \/><\/p>\n<h3><a href=\"http:\/\/www.equipes-notre-dame.com\/fr\/la-vie-du-mouvement\/actualites\/tous-a-fatima-du-16-au-21-juillet-2018\">No se olvide de consultar el clip de video en el articulo \u00ab<\/a><a href=\"http:\/\/www.equipes-notre-dame.com\/es\/la-vida-del-movimiento\/noticias\/todos-a-fatima-del-16-al-21-de-julio-de-2018\">Todos a F\u00e1tima del 16 al 21 de julio de 2018!<\/a><a href=\"http:\/\/www.equipes-notre-dame.com\/fr\/la-vie-du-mouvement\/actualites\/tous-a-fatima-du-16-au-21-juillet-2018\">\u00ab<\/a><\/h3>\n<p><iframe loading=\"lazy\" src=\"https:\/\/www.youtube.com\/embed\/A5n4jild-zA\" width=\"560\" height=\"315\" frameborder=\"0\" data-mce-fragment=\"1\"><\/iframe><\/p>\n","protected":false},"excerpt":{"rendered":"<p>Los responsables internacionales responden a algunas de nuestras preguntas sobre F\u00e1tima 2018 (del 16 al 21 julio 2018) !<\/p>\n","protected":false},"author":3,"featured_media":810,"comment_status":"closed","ping_status":"closed","sticky":false,"template":"","format":"standard","meta":{"footnotes":"","_links_to":"","_links_to_target":""},"categories":[6],"tags":[],"translation":{"provider":"WPGlobus","version":"2.12.2","language":"es","enabled_languages":["fr","pt","es","it","en"],"languages":{"fr":{"title":true,"content":true,"excerpt":true},"pt":{"title":true,"content":true,"excerpt":true},"es":{"title":true,"content":true,"excerpt":true},"it":{"title":true,"content":true,"excerpt":true},"en":{"title":true,"content":true,"excerpt":true}}},"_links":{"self":[{"href":"https:\/\/equipes-notre-dame.com\/es\/wp-json\/wp\/v2\/posts\/804"}],"collection":[{"href":"https:\/\/equipes-notre-dame.com\/es\/wp-json\/wp\/v2\/posts"}],"about":[{"href":"https:\/\/equipes-notre-dame.com\/es\/wp-json\/wp\/v2\/types\/post"}],"author":[{"embeddable":true,"href":"https:\/\/equipes-notre-dame.com\/es\/wp-json\/wp\/v2\/users\/3"}],"replies":[{"embeddable":true,"href":"https:\/\/equipes-notre-dame.com\/es\/wp-json\/wp\/v2\/comments?post=804"}],"version-history":[{"count":0,"href":"https:\/\/equipes-notre-dame.com\/es\/wp-json\/wp\/v2\/posts\/804\/revisions"}],"wp:featuredmedia":[{"embeddable":true,"href":"https:\/\/equipes-notre-dame.com\/es\/wp-json\/wp\/v2\/media\/810"}],"wp:attachment":[{"href":"https:\/\/equipes-notre-dame.com\/es\/wp-json\/wp\/v2\/media?parent=804"}],"wp:term":[{"taxonomy":"category","embeddable":true,"href":"https:\/\/equipes-notre-dame.com\/es\/wp-json\/wp\/v2\/categories?post=804"},{"taxonomy":"post_tag","embeddable":true,"href":"https:\/\/equipes-notre-dame.com\/es\/wp-json\/wp\/v2\/tags?post=804"}],"curies":[{"name":"wp","href":"https:\/\/api.w.org\/{rel}","templated":true}]}}