{"id":1943,"date":"2016-01-09T16:12:53","date_gmt":"2016-01-09T16:12:53","guid":{"rendered":"http:\/\/equipes.nelsoncardeira.com\/?p=1943"},"modified":"2016-01-09T16:12:53","modified_gmt":"2016-01-09T16:12:53","slug":"lettre-de-janvier-2016","status":"publish","type":"post","link":"https:\/\/equipes-notre-dame.com\/it\/lettera-di-gennaio-2016\/","title":{"rendered":"Lettera di Gennaio 2016"},"content":{"rendered":"<figure id=\"attachment_1939\" aria-describedby=\"caption-attachment-1939\" style=\"width: 168px\" class=\"wp-caption aligncenter\"><img loading=\"lazy\" decoding=\"async\" class=\"imgdropshadow wp-image-1939\" src=\"\/wp-content\/uploads\/2019\/08\/pe_jacinto_farias-231x300.jpg\" alt=\"\" width=\"168\" height=\"218\" srcset=\"https:\/\/equipes-notre-dame.com\/wp-content\/uploads\/2019\/08\/pe_jacinto_farias-231x300.jpg 231w, https:\/\/equipes-notre-dame.com\/wp-content\/uploads\/2019\/08\/pe_jacinto_farias.jpg 236w\" sizes=\"(max-width: 168px) 100vw, 168px\" \/><figcaption id=\"caption-attachment-1939\" class=\"wp-caption-text\">P\u00e9re Jacinto Farias<\/figcaption><\/figure>\n<hr \/>\n<p>Carissimi Equipiers,<\/p>\n<p>Nel contesto provvidenziale che noi viviamo, segnato dalla memoria della conclusione del Concilio Vaticano II, l\u20198 dicembre 1965, cinquant\u2019anni fa, e ancora per la prossimit\u00e0 del Sinodo dei Vescovi sulla famiglia, io vorrei, in questa lettera, condividere con voi la speranza che il nostro Movimento mi offre circa l\u2019avvenire della famiglia cristiana nella Chiesa e nella societ\u00e0 del nostro tempo, e invitarvi vivamente alla fedelt\u00e0 al nostro carisma e alla missione nella Chiesa, ancora pi\u00f9 attuale oggi che 68 anni fa.<\/p>\n<p>Bench\u00e9 in un altro contesto storico, i tempi attuali, anche a livello globale, ci interpellano a vivere con coraggio e con speranza ci\u00f2 che noi siamo, a vivere la nostra missione sponsale con gioia, come ci invita papa Francesco. Io vi invito a non dimenticare la dignit\u00e0 con cui noi tutti siamo stati chiamati a vivere, ciascuno secondo il suo stato di vita, a tre livelli.<\/p>\n<p>Non dimentichiamo la nostra dignit\u00e0 di persone, create a immagine e somiglianza di Dio, realt\u00e0 che non \u00e8 pi\u00f9 del tutto evidente per numerosi nostri contemporanei, pi\u00f9 preoccupati dall\u2019ecologia della natura e del mondo e meno per l\u2019<em>ecologia<\/em>\u00a0<em>umana,\u00a0<\/em>come ci ricorda papa Francesco nella sua recente enciclica\u00a0<em>Laudato si\u2019!<\/em><\/p>\n<p>Non dimentichiamo la nostra dignit\u00e0 di figli di Dio, a seguito del battesimo, partecipi della natura divina e chiamati alla santit\u00e0, alla perfezione della verit\u00e0, della libert\u00e0 e dell\u2019amore, che \u00e8 possibile acquisire soltanto in Dio, come un dono e una grazia che noi dobbiamo umilmente chiedere.<\/p>\n<p>Non dimentichiamo la nostra dignit\u00e0 sponsale, come ci insegna san Giovanni Paolo II nella sua <em>teologia del corpo<\/em>. Nel vostro caso, come coppie, voi dovete vivere il vostro amore coniugale\u00a0<em>nel Signore<\/em>, secondo il pensiero dell\u2019apostolo Paolo (1 Cor 7,39). Io vi raccomando la lettura e la meditazione in coppia di questo capitolo della lettera dell\u2019apostolo ai Corinti, soprattutto i primi versetti (1 Cor 7, 1-8), dove San Paolo parla del dovere coniugale. Vivete castamente il vostro amore coniugale, il quale si nutre, poich\u00e9 l\u2019amore ha bisogno di essere nutrito, della frequenza a tre tavole o altari: la tavola eucaristica, la tavola della cena fraterna, e la tavola o altare dove si celebra l\u2019amore casto e puro degli sposi che si amano nel Signore e l\u2019amore dei quali \u00e8 stato benedetto dal Signore e dalla Chiesa nel sacramento del matrimonio. Per il sacramento del matrimonio, il marito rappresenta Cristo che ama la Chiesa e che si dona morendo per essa; e la sposa rappresenta la Chiesa che accoglie l\u2019amore del suo sposo, \u00e8 a lui sottomessa. L\u2019obbedienza e la sottomissione sono possibili solamente tra persone che si amano veramente. \u00c8 per questo che la regola d\u2019oro della relazione e dell\u2019amore coniugale \u00e8 il\u00a0<em>perdono<\/em>, che \u00e8 la forma pi\u00f9 perfetta della donazione, la perfezione del dono.<\/p>\n<p>Io non so, cari \u00e9quipiers, se ci\u00f2 che io condivido con voi sia evidente per tutti. In ogni caso, io vi invito a riflettervi nel vostro dialogo coniugale, nella vostra preghiera, nel vostro dovere di sedersi. Siate scrupolosamente rispettosi dei punti concreti di sforzo, i quali, perch\u00e9 sono molto semplici, non sono facili!<\/p>\n<p>Vi saluto cordialmente con tutta la mia amicizia sacerdotale e invoco su di voi e sulle vostre famiglie la benedizione del Signore, che Egli vi protegga e vi accompagni sempre.<\/p>\n<p align=\"right\"><strong><em>P. Jos\u00e9 Jacinto Ferreira de Farias, scj<\/em><\/strong><br \/>\n<strong><em>Consigliere Spirituale dell\u2019ERI<\/em><\/strong><\/p>\n<hr \/>\n<h3 class=\"Standard\" style=\"text-align: center;\" align=\"right\"><a href=\"https:\/\/equipes-notre-dame.com\/sites\/default\/files\/it_courrier_de_leri_janvier_2016.pdf\" target=\"_blank\" rel=\"noopener noreferrer\"><strong><em><span lang=\"IT\">\u2192 Leggere Corrispondenza da ERI<\/span><\/em><\/strong><\/a><\/h3>\n<figure id=\"attachment_1944\" aria-describedby=\"caption-attachment-1944\" style=\"width: 300px\" class=\"wp-caption aligncenter\"><a href=\"https:\/\/equipes-notre-dame.com\/sites\/default\/files\/162_courier_eri_avril_2018_moura_fr.pdf\" target=\"_blank\" rel=\"noopener noreferrer\"><img loading=\"lazy\" decoding=\"async\" class=\"wp-image-1944 size-medium\" src=\"\/wp-content\/uploads\/2019\/08\/es_egardo_et_clarita_bernal-300x300.jpg\" alt=\"\" width=\"300\" height=\"300\" srcset=\"https:\/\/equipes-notre-dame.com\/wp-content\/uploads\/2019\/08\/es_egardo_et_clarita_bernal-300x300.jpg 300w, https:\/\/equipes-notre-dame.com\/wp-content\/uploads\/2019\/08\/es_egardo_et_clarita_bernal-150x150.jpg 150w, https:\/\/equipes-notre-dame.com\/wp-content\/uploads\/2019\/08\/es_egardo_et_clarita_bernal.jpg 336w\" sizes=\"(max-width: 300px) 100vw, 300px\" \/><\/a><figcaption id=\"caption-attachment-1944\" class=\"wp-caption-text\">Edgardo e Clarita Bernal, Coppia di ERI : Coordinatore Equipes Satelliti<\/figcaption><\/figure>\n","protected":false},"excerpt":{"rendered":"<p>Nel contesto provvidenziale che noi viviamo, segnato dalla memoria della conclusione del Concilio Vaticano II, l\u20198 dicembre 1965, cinquant\u2019anni fa, e ancora per la prossimit\u00e0 del Sinodo dei Vescovi sulla famiglia, io vorrei, in questa lettera, condividere con voi la speranza che il nostro Movimento mi offre circa l\u2019avvenire della famiglia cristiana nella Chiesa&#8230;<\/p>\n","protected":false},"author":3,"featured_media":2296,"comment_status":"closed","ping_status":"closed","sticky":false,"template":"","format":"standard","meta":{"footnotes":"","_links_to":"","_links_to_target":""},"categories":[17],"tags":[],"translation":{"provider":"WPGlobus","version":"2.12.2","language":"it","enabled_languages":["fr","pt","es","it","en"],"languages":{"fr":{"title":true,"content":true,"excerpt":true},"pt":{"title":true,"content":true,"excerpt":true},"es":{"title":true,"content":true,"excerpt":true},"it":{"title":true,"content":true,"excerpt":true},"en":{"title":true,"content":true,"excerpt":true}}},"_links":{"self":[{"href":"https:\/\/equipes-notre-dame.com\/it\/wp-json\/wp\/v2\/posts\/1943"}],"collection":[{"href":"https:\/\/equipes-notre-dame.com\/it\/wp-json\/wp\/v2\/posts"}],"about":[{"href":"https:\/\/equipes-notre-dame.com\/it\/wp-json\/wp\/v2\/types\/post"}],"author":[{"embeddable":true,"href":"https:\/\/equipes-notre-dame.com\/it\/wp-json\/wp\/v2\/users\/3"}],"replies":[{"embeddable":true,"href":"https:\/\/equipes-notre-dame.com\/it\/wp-json\/wp\/v2\/comments?post=1943"}],"version-history":[{"count":0,"href":"https:\/\/equipes-notre-dame.com\/it\/wp-json\/wp\/v2\/posts\/1943\/revisions"}],"wp:featuredmedia":[{"embeddable":true,"href":"https:\/\/equipes-notre-dame.com\/it\/wp-json\/wp\/v2\/media\/2296"}],"wp:attachment":[{"href":"https:\/\/equipes-notre-dame.com\/it\/wp-json\/wp\/v2\/media?parent=1943"}],"wp:term":[{"taxonomy":"category","embeddable":true,"href":"https:\/\/equipes-notre-dame.com\/it\/wp-json\/wp\/v2\/categories?post=1943"},{"taxonomy":"post_tag","embeddable":true,"href":"https:\/\/equipes-notre-dame.com\/it\/wp-json\/wp\/v2\/tags?post=1943"}],"curies":[{"name":"wp","href":"https:\/\/api.w.org\/{rel}","templated":true}]}}