{"id":1956,"date":"2015-07-10T11:17:44","date_gmt":"2015-07-10T11:17:44","guid":{"rendered":"http:\/\/equipes.nelsoncardeira.com\/?p=1956"},"modified":"2015-07-10T11:17:44","modified_gmt":"2015-07-10T11:17:44","slug":"lettre-de-juillet-2015","status":"publish","type":"post","link":"https:\/\/equipes-notre-dame.com\/it\/lettera-del-luglio-2015\/","title":{"rendered":"Lettera del Luglio 2015"},"content":{"rendered":"<figure id=\"attachment_1939\" aria-describedby=\"caption-attachment-1939\" style=\"width: 168px\" class=\"wp-caption aligncenter\"><img loading=\"lazy\" decoding=\"async\" class=\"imgdropshadow wp-image-1939\" src=\"\/wp-content\/uploads\/2019\/08\/pe_jacinto_farias-231x300.jpg\" alt=\"\" width=\"168\" height=\"218\" srcset=\"https:\/\/equipes-notre-dame.com\/wp-content\/uploads\/2019\/08\/pe_jacinto_farias-231x300.jpg 231w, https:\/\/equipes-notre-dame.com\/wp-content\/uploads\/2019\/08\/pe_jacinto_farias.jpg 236w\" sizes=\"(max-width: 168px) 100vw, 168px\" \/><figcaption id=\"caption-attachment-1939\" class=\"wp-caption-text\">P\u00e9re Jacinto Farias<\/figcaption><\/figure>\n<hr \/>\n<p>Carissimi \u00e9quipier,<\/p>\n<p>Nelle lettere precedenti che io vi ho scritto ho mantenuto come tema di fondo durante questi anni l\u2019attenzione su due punti concreti di sforzo della metodologia spirituale del nostro Movimento, in altri termini, il\u00a0<em>dovere di sedersi<\/em>\u00a0e la\u00a0<em>preghiera coniugale<\/em>. Io spero che questi due punti siano gi\u00e0 interiorizzati da voi tutti e che voi li abbiate\u00a0 messi in pratica, perch\u00e9 in verit\u00e0 essi sono di una importanza capitale per la vostra fede, in quanto coppie e per la vostra fede in quanto inseriti nella Equipe, poich\u00e9 l\u2019Equipe \u00e8 una comunit\u00e0 nella quale la vita spirituale ed umana si sviluppa in una relazione direttamente proporzionale all\u2019impegno di ogni coppia ad essere fedele alla metodologia della santit\u00e0 che \u00e8 caratteristica del nostro Movimento nella Chiesa.<\/p>\n<p>Nelle attuali condizioni storiche dell\u2019umanit\u00e0 e della Chiesa, nel contesto della celebrazione del Sinodo straordinario sulla famiglia e della nuova evangelizzazione, il contributo del nostro Movimento \u00e8 essenziale e la Chiesa si aspetta molto da noi affinch\u00e9 possa essere veramente fermento e segno efficace di speranza per il\u00a0 mondo, di una speranza che sia veramente concreta, vissuta.<\/p>\n<p>Oggi vorrei richiamare la vostra attenzione sull\u2019importanza della\u00a0<em>preghiera personale o individuale<\/em>. La preghiera personale \u00e8 veramente il\u00a0<em>soffio dell\u2019anima<\/em>. Padre Caffarel ce ne ha donato l\u2019esempio. Egli stesso dedicava un grande spazio del suo tempo quotidiano alla preghiera e aveva l\u2019abitudine di riservare tre mesi dell\u2019anno alla meditazione a alla preghiera, perch\u00e9 egli sapeva che, se non era ben alimentata nella preghiera, la sua vita spirituale ed apostolica era gravemente compromessa. Ges\u00f9 ci dice che noi dobbiamo pregare senza fermarci; e la liturgia ci invita anche a mantenere il nostro cuore in Dio, nell\u2019acclamazione del prefazio in tutte le celebrazioni eucaristiche.\u00a0<em>Sursum corda! Habemus ad Dominum<\/em>, si acclamava in latino ci\u00f2 che le diverse traduzioni esprimevano poi nelle lingue di ciascun popolo.<\/p>\n<p>Secondo Tertulliano (160-220), il cristiano doveva dire il\u00a0<em>Padre Nostro<\/em>\u00a0almeno tre volte per giorno: al mattino, al mezzogiorno e alla sera. Santa Teresa del Bambin Ges\u00f9 restava cos\u00ec commossa che non era capace di andare oltre l\u2019acclamazione:\u00a0<em>Padre Nostro!<\/em>Anche noi siamo gi\u00e0 penetrati nella profondit\u00e0 di ci\u00f2 che significa avere la possibilit\u00e0 di rivolgerci a Dio come Padre, nella stessa vibrazione dell\u2019anima di Ges\u00f9, che ci introduce in questa intimit\u00e0 trinitaria?<\/p>\n<p>Per questo in questa lettera io esorto ciascuno di voi a coltivare lo spirito della preghiera, programmando qualche momento del vostro tempo quotidiano per mettervi in dialogo di intimit\u00e0 della vostra anima con Dio. Qualche volta le persone si dispiacciono di non essere ascoltate nella loro preghiera. Sant\u2019Agostino aveva una spiegazione molto interessante: noi non siamo ascoltati sia perch\u00e9 noi siamo\u00a0<em>cattivi<\/em>\u00a0sia perch\u00e9 domandiamo cose\u00a0<em>cattive<\/em>, sia perch\u00e9 domandiamo in modo\u00a0<em>cattivo<\/em>. Alla scuola di Ges\u00f9 limitiamoci a domandare che egli\u00a0<em>non ci lasci cadere in tentazione<\/em>,\u00a0<em>ma ci liberi dal male<\/em>\u00a0(Mt 6,13). In fondo, noi dobbiamo domandare al Signore di liberarci dal\u00a0<em>peccato<\/em>, l\u2019unica cosa malvagia che ci pu\u00f2 capitare! In ultima analisi, domandiamo al Signore di realizzare sempre la sua volont\u00e0 in noi, perch\u00e9 noi non sappiamo se \u00e8 meglio per la nostra salvezza la salute o la malattia, la vita o la morte. Lasciamo al Signore la decisione e domandiamo la grazia di vedere in tutto un\u00a0<em>segno<\/em>\u00a0della sua visita a noi!<\/p>\n<p>Lo imploro su di voi tutta l\u2019abbondanza delle benedizioni di Dio in questo tempo di grazia, in prossimit\u00e0 del Sinodo sulla famiglia, fermento di speranza e di pace. Vi saluto personalmente, ognuno di voi, con tutta l\u2019amicizia del mio cuore.<\/p>\n<p align=\"right\"><strong><em>P. Jos\u00e9 Jacinto Ferreira de Farias, scj<\/em><\/strong><br \/>\n<strong><em>Consigliere Spirituale dell\u2019ERI<\/em><\/strong><\/p>\n<hr \/>\n<h3 align=\"center\"><a href=\"https:\/\/equipes-notre-dame.com\/sites\/default\/files\/courrier_eri_rocha_juin2015_it.pdf\">END, PRESENZA FECONDA IN AMERICA<\/a><\/h3>\n<figure id=\"attachment_1952\" aria-describedby=\"caption-attachment-1952\" style=\"width: 300px\" class=\"wp-caption aligncenter\"><img loading=\"lazy\" decoding=\"async\" class=\"alignnone size-medium wp-image-1958\" src=\"\/wp-content\/uploads\/2015\/07\/rocha-300x225.jpg\" alt=\"\" width=\"300\" height=\"225\" srcset=\"https:\/\/equipes-notre-dame.com\/wp-content\/uploads\/2015\/07\/rocha-300x225.jpg 300w, https:\/\/equipes-notre-dame.com\/wp-content\/uploads\/2015\/07\/rocha.jpg 448w\" sizes=\"(max-width: 300px) 100vw, 300px\" \/><figcaption id=\"caption-attachment-1952\" class=\"wp-caption-text\">De Gra\u00e7a et Roberto ROCHA : Coppia di collegamento della Zona America .<\/figcaption><\/figure>\n","protected":false},"excerpt":{"rendered":"<p>Nelle lettere precedenti che io vi ho scritto ho mantenuto come tema di fondo durante questi anni l\u2019attenzione su due punti concreti di sforzo della metodologia spirituale del nostro Movimento, in altri termini, il dovere di sedersi e la preghiera coniugale&#8230;<\/p>\n","protected":false},"author":3,"featured_media":2296,"comment_status":"closed","ping_status":"closed","sticky":false,"template":"","format":"standard","meta":{"footnotes":"","_links_to":"","_links_to_target":""},"categories":[17],"tags":[],"translation":{"provider":"WPGlobus","version":"2.12.2","language":"it","enabled_languages":["fr","pt","es","it","en"],"languages":{"fr":{"title":true,"content":true,"excerpt":true},"pt":{"title":true,"content":true,"excerpt":true},"es":{"title":true,"content":true,"excerpt":true},"it":{"title":true,"content":true,"excerpt":true},"en":{"title":true,"content":true,"excerpt":true}}},"_links":{"self":[{"href":"https:\/\/equipes-notre-dame.com\/it\/wp-json\/wp\/v2\/posts\/1956"}],"collection":[{"href":"https:\/\/equipes-notre-dame.com\/it\/wp-json\/wp\/v2\/posts"}],"about":[{"href":"https:\/\/equipes-notre-dame.com\/it\/wp-json\/wp\/v2\/types\/post"}],"author":[{"embeddable":true,"href":"https:\/\/equipes-notre-dame.com\/it\/wp-json\/wp\/v2\/users\/3"}],"replies":[{"embeddable":true,"href":"https:\/\/equipes-notre-dame.com\/it\/wp-json\/wp\/v2\/comments?post=1956"}],"version-history":[{"count":0,"href":"https:\/\/equipes-notre-dame.com\/it\/wp-json\/wp\/v2\/posts\/1956\/revisions"}],"wp:featuredmedia":[{"embeddable":true,"href":"https:\/\/equipes-notre-dame.com\/it\/wp-json\/wp\/v2\/media\/2296"}],"wp:attachment":[{"href":"https:\/\/equipes-notre-dame.com\/it\/wp-json\/wp\/v2\/media?parent=1956"}],"wp:term":[{"taxonomy":"category","embeddable":true,"href":"https:\/\/equipes-notre-dame.com\/it\/wp-json\/wp\/v2\/categories?post=1956"},{"taxonomy":"post_tag","embeddable":true,"href":"https:\/\/equipes-notre-dame.com\/it\/wp-json\/wp\/v2\/tags?post=1956"}],"curies":[{"name":"wp","href":"https:\/\/api.w.org\/{rel}","templated":true}]}}