{"id":1963,"date":"2015-04-10T13:36:38","date_gmt":"2015-04-10T13:36:38","guid":{"rendered":"http:\/\/equipes.nelsoncardeira.com\/?p=1963"},"modified":"2015-04-10T13:36:38","modified_gmt":"2015-04-10T13:36:38","slug":"lettre-davril-2015","status":"publish","type":"post","link":"https:\/\/equipes-notre-dame.com\/it\/lettre-davril-2015\/","title":{"rendered":"Lettera di Aprile 2015"},"content":{"rendered":"<figure id=\"attachment_1939\" aria-describedby=\"caption-attachment-1939\" style=\"width: 168px\" class=\"wp-caption aligncenter\"><img loading=\"lazy\" decoding=\"async\" class=\"imgdropshadow wp-image-1939\" src=\"\/wp-content\/uploads\/2019\/08\/pe_jacinto_farias-231x300.jpg\" alt=\"\" width=\"168\" height=\"218\" srcset=\"https:\/\/equipes-notre-dame.com\/wp-content\/uploads\/2019\/08\/pe_jacinto_farias-231x300.jpg 231w, https:\/\/equipes-notre-dame.com\/wp-content\/uploads\/2019\/08\/pe_jacinto_farias.jpg 236w\" sizes=\"(max-width: 168px) 100vw, 168px\" \/><figcaption id=\"caption-attachment-1939\" class=\"wp-caption-text\">P\u00e9re Jacinto Farias<\/figcaption><\/figure>\n<hr \/>\n<p class=\"Standard\"><strong>Discepoli missionari !\u00a0<\/strong><\/p>\n<p class=\"Standard\">Nell&#8217;ultima lettera che vi ho scritto, ho parlato dell&#8217;importanza di due punti concreti di sforzo -il dovere di sedersi e di preghiera conjugale- come mezzi fondamentali per promuovere e vivere il mistero della l&#8217;amore coniugale. Non si insister\u00e0 mai abbastanza su questi punti; si capisce, a causa della mia insistenza sul fatto che \u00e8 per me un punto fondamentale della metodologia del nostro Movimento. Questi punti di concreti di sforzo sono un aiuto a vivere il nostro carisma, per\u00a0 testimoniare nella Chiesa e nel mondo, il mistero del sacramento del matrimonio e l&#8217;ideale della santit\u00e0 nella coppia.<\/p>\n<p class=\"Standard\">La chiamata alla santit\u00e0, care coppie, \u00e8 una parte intrinseca del mistero e della missione della Chiesa. Contiene uno dei principali contributi del Concilio Vaticano II. La Costituzione dogmatica sulla Chiesa, Lumen Gentium, ha dedicato un intero capitolo sulla chiamata universale alla santit\u00e0, la quale nonsi riferisce solo a un gruppo nella chiesa, ma a tutti i cristiani. Dal Santo Padre al pi\u00f9 semplice dei fedeli, tutti siamo chiamati alla santit\u00e0.<\/p>\n<p class=\"Standard\">Questa sensibilit\u00e0 per quanto riguarda la chiamata universale alla santit\u00e0, \u00e8 anche il risultato del nostro Movimento, il cui carisma e la vocazione consisteva fin dall&#8217;inizio, a cercare modi per vivere la santit\u00e0 nel matrimonio. &#8220;Cerchiamo insieme&#8221; \u00e8 stata la risposta di Padre Caffarel alle prime coppie che hanno parlato di lui nel 1947, quando gli hanno chiesto di aiutarli in questa missione.<\/p>\n<p class=\"Standard\">Come l&#8217;orizzonte che d\u00e0 senso e direzione alla nostra vita, la Santit\u00e0 non \u00e8 un problema legato alle nostre scelte personali come sarebbe un alternativa che potremmo scegliere. Secondo la Scrittura e la tradizione della saggezza dell&#8217;umanit\u00e0, solo due strade sono possibili: la via della vita e della verit\u00e0, che ci conduce al Bene, il Bene supremo che \u00e8 Dio; o il percorso di falsit\u00e0 e quindi di morte. Nella Scrittura, troviamo questa frase: pongo davanti a voi due percorsi: il percorso della vita e il percorso della morte (cfr Dt 30, 19). Seguite il sentiero della vita e vivrete, mentre l&#8217;altro, anche se sembra facile e attraente, ci allontana da noi stessi e conduce alla morte, alla distruzione dell&#8217;uomo e delle sue relazioni, come lo vediamo oggi nella crisi delle famiglie e delle societ\u00e0 in un mondo profondamente malato.<\/p>\n<p class=\"Standard\">Nel documento programmatico del suo ministero petrino: l&#8217;Esortazione apostolica Evangelii Gaudium, Papa Francesco insiste sulla affermazione che tutti noi, ciascuno secondo la propria condizione, dobbiamo essere &#8220;discepoli missionari&#8221; (EG 120), vale a dire, inviato a testimoniare a chi vive nella nostra periferia, vale a dire accanto a noi, della gioia di essere discepoli del Signore, che ci ha amati e ha dato se stesso per noi, secondo le parole di St. Paul (Gal 2,20).<\/p>\n<p class=\"Standard\">Spero davvero che questa lettera vi trova in buona forma. Ricevete i miei pi\u00f9 cordiali saluti, invocando per voi le grazie pi\u00f9 abbondanti e le benedizioni di Dio.<\/p>\n<p class=\"Standard\">\u00a0\u00a0\u00a0\u00a0\u00a0\u00a0\u00a0\u00a0\u00a0\u00a0\u00a0\u00a0\u00a0\u00a0\u00a0\u00a0\u00a0\u00a0\u00a0\u00a0\u00a0\u00a0\u00a0\u00a0\u00a0\u00a0\u00a0\u00a0\u00a0\u00a0\u00a0\u00a0\u00a0\u00a0\u00a0\u00a0\u00a0\u00a0\u00a0\u00a0\u00a0\u00a0\u00a0\u00a0\u00a0\u00a0\u00a0\u00a0\u00a0\u00a0\u00a0\u00a0\u00a0\u00a0\u00a0\u00a0\u00a0\u00a0\u00a0\u00a0\u00a0\u00a0\u00a0\u00a0\u00a0\u00a0\u00a0\u00a0\u00a0<strong><em>\u00a0 Padre Jos\u00e9 Jacinto Ferreira de Farias, scj<\/em><\/strong><\/p>\n<hr \/>\n<h3 style=\"text-align: center;\"><a href=\"https:\/\/equipes-notre-dame.com\/sites\/default\/files\/courriereri_marcen_avril2015_it.pdf\" target=\"_blank\" rel=\"noopener noreferrer\">\u2192 Leggere :\u00a0&#8220;ZONA EUROAFRICA: L&#8217;AMICIZIA E LA COMUNIONE&#8221;<\/a><\/h3>\n<figure id=\"attachment_1952\" aria-describedby=\"caption-attachment-1952\" style=\"width: 300px\" class=\"wp-caption aligncenter\"><img loading=\"lazy\" decoding=\"async\" class=\"alignnone size-medium wp-image-1965\" src=\"\/wp-content\/uploads\/2019\/08\/zona_eurafrique_-_copie-300x200.jpg\" alt=\"\" width=\"300\" height=\"200\" srcset=\"https:\/\/equipes-notre-dame.com\/wp-content\/uploads\/2019\/08\/zona_eurafrique_-_copie-300x200.jpg 300w, https:\/\/equipes-notre-dame.com\/wp-content\/uploads\/2019\/08\/zona_eurafrique_-_copie-165x109.jpg 165w, https:\/\/equipes-notre-dame.com\/wp-content\/uploads\/2019\/08\/zona_eurafrique_-_copie.jpg 415w\" sizes=\"(max-width: 300px) 100vw, 300px\" \/><figcaption id=\"caption-attachment-1952\" class=\"wp-caption-text\">Jos\u00e9 Antonio e Amaya Marc\u00e9n-Echandi, Coppia di collegamento della zona Euroafrica.<\/figcaption><\/figure>\n","protected":false},"excerpt":{"rendered":"<p>Nell&#8217;ultima lettera che vi ho scritto, ho parlato dell&#8217;importanza di due punti concreti di sforzo -il dovere di sedersi e di preghiera conjugale- come mezzi fondamentali per promuovere e vivere il mistero della l&#8217;amore coniugale&#8230;.<\/p>\n","protected":false},"author":3,"featured_media":2296,"comment_status":"closed","ping_status":"closed","sticky":false,"template":"","format":"standard","meta":{"footnotes":"","_links_to":"","_links_to_target":""},"categories":[17],"tags":[],"translation":{"provider":"WPGlobus","version":"2.12.2","language":"it","enabled_languages":["fr","pt","es","it","en"],"languages":{"fr":{"title":true,"content":true,"excerpt":true},"pt":{"title":true,"content":true,"excerpt":true},"es":{"title":true,"content":true,"excerpt":true},"it":{"title":true,"content":true,"excerpt":true},"en":{"title":true,"content":true,"excerpt":true}}},"_links":{"self":[{"href":"https:\/\/equipes-notre-dame.com\/it\/wp-json\/wp\/v2\/posts\/1963"}],"collection":[{"href":"https:\/\/equipes-notre-dame.com\/it\/wp-json\/wp\/v2\/posts"}],"about":[{"href":"https:\/\/equipes-notre-dame.com\/it\/wp-json\/wp\/v2\/types\/post"}],"author":[{"embeddable":true,"href":"https:\/\/equipes-notre-dame.com\/it\/wp-json\/wp\/v2\/users\/3"}],"replies":[{"embeddable":true,"href":"https:\/\/equipes-notre-dame.com\/it\/wp-json\/wp\/v2\/comments?post=1963"}],"version-history":[{"count":0,"href":"https:\/\/equipes-notre-dame.com\/it\/wp-json\/wp\/v2\/posts\/1963\/revisions"}],"wp:featuredmedia":[{"embeddable":true,"href":"https:\/\/equipes-notre-dame.com\/it\/wp-json\/wp\/v2\/media\/2296"}],"wp:attachment":[{"href":"https:\/\/equipes-notre-dame.com\/it\/wp-json\/wp\/v2\/media?parent=1963"}],"wp:term":[{"taxonomy":"category","embeddable":true,"href":"https:\/\/equipes-notre-dame.com\/it\/wp-json\/wp\/v2\/categories?post=1963"},{"taxonomy":"post_tag","embeddable":true,"href":"https:\/\/equipes-notre-dame.com\/it\/wp-json\/wp\/v2\/tags?post=1963"}],"curies":[{"name":"wp","href":"https:\/\/api.w.org\/{rel}","templated":true}]}}