{"id":4912,"date":"2024-08-02T09:53:16","date_gmt":"2024-08-02T09:53:16","guid":{"rendered":"https:\/\/equipes-notre-dame.com\/?p=4912"},"modified":"2026-03-16T21:42:33","modified_gmt":"2026-03-16T21:42:33","slug":"lequipe-responsable-internationale-2024-2030","status":"publish","type":"post","link":"https:\/\/equipes-notre-dame.com\/it\/lequipe-responsable-internationale-2024-2030\/","title":{"rendered":"L&#8217;Equipe Responsabile Internazionale"},"content":{"rendered":"<p>7 coppie da tutto il mondo e 1 Consigliere Spirituale formano la Equipe che serve tutte le coppie in tutto il mondo<\/p>\n<div style=\"display: block; clear: both; margin: 50px 0;\">\n<h2 style=\"text-align: center;\">Coppia Responsabile<\/h2>\n<figure id=\"attachment_4927\" aria-describedby=\"caption-attachment-4927\" style=\"width: 225px\" class=\"wp-caption aligncenter\"><img loading=\"lazy\" decoding=\"async\" class=\"wp-image-4927 size-medium\" src=\"https:\/\/equipes-notre-dame.com\/wp-content\/uploads\/2024\/08\/ERI-2024-Mercedes-Alberto-PEREZ-GOMEZ-FERRER-225x300.jpg\" alt=\"\" width=\"225\" height=\"300\" srcset=\"https:\/\/equipes-notre-dame.com\/wp-content\/uploads\/2024\/08\/ERI-2024-Mercedes-Alberto-PEREZ-GOMEZ-FERRER-225x300.jpg 225w, https:\/\/equipes-notre-dame.com\/wp-content\/uploads\/2024\/08\/ERI-2024-Mercedes-Alberto-PEREZ-GOMEZ-FERRER-rotated.jpg 768w\" sizes=\"(max-width: 225px) 100vw, 225px\" \/><figcaption id=\"caption-attachment-4927\" class=\"wp-caption-text\">Mercedes &amp; Alberto P\u00e9rez\u00a0 G\u00f3mez-Ferrer\u00a0<br \/>Espa\u00f1a<\/figcaption><\/figure>\n<p>Siamo Mercedes G\u00f3mez-Ferrer e Alberto P\u00e9rez, spagnoli. Abbiamo celebrato i nostri 33 anni di matrimonio, gli stessi anni che nelle \u00e9quipes. Abbiamo tre figli, i due maggiori gi\u00e0 sposati e il terzo che vive con noi, e un nipote di un anno. Siamo entrambi insegnanti nella citt\u00e0 di Valencia, dove viviamo. Alberto insegna musica in un liceo e Mercedes, Storia dell&#8217;Arte all&#8217;Universit\u00e0 di Valencia. Condividiamo molte cose che ci piace fare insieme: cultura, viaggi, sport, passeggiate. La nostra \u00e9quipe di base \u00e8 Valencia 101, un&#8217;\u00e9quipe che ci sostiene e ci appoggia e alla quale dobbiamo tanto. Il nostro servizio come coppia responsabile internazionale si svilupper\u00e0 fino al 2030, accompagnati da una straordinaria \u00e9quipe che viene presentata di seguito. In questa breve presentazione, se possiamo dirvi qualcosa, \u00e8 che amiamo le \u00e9quipes e crediamo che siano una grazia di Dio. Lo abbiamo visto nelle diverse missioni e servizi che abbiamo assunto, come formatori, piloti, responsabili e nell&#8217;ultima tappa incaricati della comunicazione nell&#8217;ERI. La chiamata al servizio \u00e8 per noi una chiamata a vivere in verit\u00e0 e in profondit\u00e0 il carisma che Padre Caffarel ha intuito, con l&#8217;orientamento per i prossimi 6 anni: &#8220;Chiamati a vivere in comunione.&#8221;<\/p>\n<p style=\"text-align: center;\"><a class=\"contact\" href=\"mailto:cr.international@equipes-notre-dame.com\" target=\"_blank\" rel=\"noopener noreferrer\">Conttato Mercedes &amp; Alberto<\/a><\/p>\n<\/div>\n<hr \/>\n<div style=\"display: block; clear: both; margin: 50px 0;\">\n<h2 style=\"text-align: center;\">Consigliere Spirituale<\/h2>\n<figure id=\"attachment_4930\" aria-describedby=\"caption-attachment-4930\" style=\"width: 240px\" class=\"wp-caption aligncenter\"><img loading=\"lazy\" decoding=\"async\" class=\"wp-image-4930 size-medium\" src=\"https:\/\/equipes-notre-dame.com\/wp-content\/uploads\/2024\/08\/ERI-2024-P-Augusto-GARCIA-240x300.jpg\" alt=\"\" width=\"240\" height=\"300\" srcset=\"https:\/\/equipes-notre-dame.com\/wp-content\/uploads\/2024\/08\/ERI-2024-P-Augusto-GARCIA-240x300.jpg 240w, https:\/\/equipes-notre-dame.com\/wp-content\/uploads\/2024\/08\/ERI-2024-P-Augusto-GARCIA.jpg 768w\" sizes=\"(max-width: 240px) 100vw, 240px\" \/><figcaption id=\"caption-attachment-4930\" class=\"wp-caption-text\">P\u00e8re Augusto Garc\u00eda<br \/>Canada<\/figcaption><\/figure>\n<\/div>\n<p>Nel recente incontro internazionale a Torino, una domanda mi ha colto di sorpresa: &#8220;Qual \u00e8 il suo ruolo o la sua missione come Consigliere Spirituale dell&#8217;ERI-\u00c9quipe Responsabile Internazionale?&#8221; Nonostante la sorpresa, ho trovato la domanda pertinente. Nella mia risposta, ho evidenziato una delle dimensioni che mi ha sempre attratto nel movimento delle Equipes Notre-Dame: la corresponsabilit\u00e0 tra le coppie e i consiglieri spirituali a tutti i livelli di servizio. Cos\u00ec, la mia missione come consigliere \u00e8 condividere con le coppie del nuovo ERI la responsabilit\u00e0 che il movimento ha loro affidato.<\/p>\n<p>Questa risposta si \u00e8 arricchita attraverso la meditazione del passo del Vangelo di Luca sui &#8220;Discepoli di Emmaus&#8221;, su cui riflettvamo ogni mattina a Torino. Ho capito che la mia missione deve riflettere lo stile di Ges\u00f9 risorto con i suoi discepoli, camminando e accompagnando le coppie nell&#8217;ascolto reciproco della volont\u00e0 di Dio, cos\u00ec come delle loro preoccupazioni e speranze. Il mio obiettivo \u00e8 rafforzare il processo di discernimento collegiale per approfondire il carisma del movimento e la sua missione nella Chiesa e nel mondo attuale.<\/p>\n<p>Infine, desidero far ardere i nostri cuori per celebrare e annunciare, insieme alla Chiesa, la verit\u00e0 e la bellezza del sacramento del matrimonio, arricchito dal carisma dato dallo Spirito al nostro Padre fondatore e alle Equipes Notre-Dame. Come sacerdote dell&#8217;Arcidiocesi di Edmonton e membro della Compagnia dei Preti di San Sulpizio, sono coinvolto con le Equipes Notre-Dame dal 1990, avendo fondato le END a Edmonton nel 2001. Attualmente, sono membro dell&#8217;\u00e9quipe di formatori del seminario maggiore e parroco della parrocchia di Nostra Signora di Guadalupe, oltre che consigliere spirituale di diverse END, e ho la fortuna di parlare spagnolo, portoghese, italiano, francese e inglese.<\/p>\n<div style=\"display: block; clear: both; margin: 50px 0;\">\n<p style=\"text-align: center;\"><a class=\"contact\" href=\"mailto:cs.international@equipes-notre-dame.com\" target=\"_blank\" rel=\"noopener noreferrer\">Conttato P. Augusto Garc\u00eda<\/a><\/p>\n<\/div>\n<hr \/>\n<div style=\"display: block; clear: both; margin: 50px 0;\">\n<h2 style=\"text-align: center;\">Coppia di collegamento Zona Transoce\u00e1nica<\/h2>\n<figure id=\"attachment_4971\" aria-describedby=\"caption-attachment-4971\" style=\"width: 300px\" class=\"wp-caption aligncenter\"><img loading=\"lazy\" decoding=\"async\" class=\"wp-image-4971 size-medium\" src=\"https:\/\/equipes-notre-dame.com\/wp-content\/uploads\/2024\/08\/TJ-y-Ellen-300x240.jpg\" alt=\"\" width=\"300\" height=\"240\" srcset=\"https:\/\/equipes-notre-dame.com\/wp-content\/uploads\/2024\/08\/TJ-y-Ellen-300x240.jpg 300w, https:\/\/equipes-notre-dame.com\/wp-content\/uploads\/2024\/08\/TJ-y-Ellen-1024x819.jpg 1024w, https:\/\/equipes-notre-dame.com\/wp-content\/uploads\/2024\/08\/TJ-y-Ellen-768x614.jpg 768w, https:\/\/equipes-notre-dame.com\/wp-content\/uploads\/2024\/08\/TJ-y-Ellen.jpg 1500w\" sizes=\"(max-width: 300px) 100vw, 300px\" \/><figcaption id=\"caption-attachment-4971\" class=\"wp-caption-text\">Ellen &amp; T.J. HOLT <br \/>United States<\/figcaption><\/figure>\n<p>Siamo T.J. ed Ellen Holt di Houston, Texas, USA. Siamo sposati da 30 anni e siamo membri delle \u00c9quipe Notre-Dame da 24 anni.<\/p>\n<p>Crediamo che Dio ci chiami durante tutta la nostra vita, invitandoci a servire in vari modi. La nostra ultima chiamata \u00e8 servire come Coppia di Collegamento della Zona Transoceanica, collegando le \u00c9quipe Notre-Dame in Australia, Canada, Ghana, Gran Bretagna, India, Irlanda, Malawi, Nuova Zelanda, Filippine, Sudafrica, Corea del Sud, Timor-Leste, Trinidad\/Tobago, USA e Zambia.<\/p>\n<p>Le \u00c9quipe Notre-Dame ci hanno mostrato che siamo tutti connessi attraverso Cristo e lo Spirito Santo. Il nostro movimento \u00e8 una fonte significativa di connessione umana con l&#8217;enfasi sul sostegno reciproco e la comprensione della volont\u00e0 di Dio.<\/p>\n<p>Ci sforziamo di essere strumenti dell&#8217;amore di Cristo, promuovendo una comunit\u00e0 che vive nella fraternit\u00e0, ama Dio e rimane fedele ai carismi e ai mistici del movimento.<\/p>\n<\/div>\n<p style=\"text-align: center;\"><a class=\"contact\" href=\"mailto:cz.transoceanique@equipes-notre-dame.com\" target=\"_blank\" rel=\"noopener noreferrer\">Conttato Ellen &amp; TJ<\/a><\/p>\n<hr \/>\n<div style=\"display: block; clear: both; margin: 50px 0;\">\n<h2 style=\"text-align: center;\">Coppia di collegamento Zona Centro-Europa \/Oriente M.<\/h2>\n<figure id=\"attachment_4925\" aria-describedby=\"caption-attachment-4925\" style=\"width: 294px\" class=\"wp-caption aligncenter\"><img loading=\"lazy\" decoding=\"async\" class=\"wp-image-4925 size-medium\" src=\"https:\/\/equipes-notre-dame.com\/wp-content\/uploads\/2024\/08\/ERI-2024-Georgina-Youssef-BOUTROS-294x300.jpg\" alt=\"\" width=\"294\" height=\"300\" srcset=\"https:\/\/equipes-notre-dame.com\/wp-content\/uploads\/2024\/08\/ERI-2024-Georgina-Youssef-BOUTROS-294x300.jpg 294w, https:\/\/equipes-notre-dame.com\/wp-content\/uploads\/2024\/08\/ERI-2024-Georgina-Youssef-BOUTROS.jpg 768w\" sizes=\"(max-width: 294px) 100vw, 294px\" \/><figcaption id=\"caption-attachment-4925\" class=\"wp-caption-text\">Georgina &amp; Youssef BOUTROS <br \/>Lebanon<\/figcaption><\/figure>\n<p>Siamo nati e viviamo nella terra sacra dei Cedri, il Libano. Siamo sposati da 30 anni, di cui 29 come membri devoti delle \u00c9quipe END. Abbiamo 2 figlie: Yara e Reem e 2 figli: Elias e Ziad. Georgina \u00e8 un&#8217;infermiera qualificata in un rinomato istituto di salute comunitaria e Youssef \u00e8 un geometra giurato. Siamo anche impegnati in Fede e Luce, un movimento che mira a costruire amicizie con persone con disabilit\u00e0.<\/p>\n<p>Durante i nostri anni di matrimonio, abbiamo servito nelle \u00c9quipe END e assunto molte responsabilit\u00e0, tra cui il pilotaggio di gruppo, la responsabilit\u00e0 di settore, l&#8217;informazione per le coppie e la responsabilit\u00e0 della Regione Libano. Come coppia di collegamento della Zona Europa Centrale e Medio Oriente, accompagneremo: Francia, Svizzera, Lussemburgo, Belgio, Paesi Bassi, Lituania, Lettonia, Germania, Austria, Mauritius, Seychelles, Polonia, Ungheria, Norvegia, Slovacchia, Bielorussia, Ucraina, Repubblica Ceca, Siria, Emirati Arabi Uniti, Giordania, Qatar e Libano. Crediamo che ci siano molte esperienze da condividere tra tutti questi paesi nei prossimi anni.<\/p>\n<p>Siamo convinti che Dio non chiama i qualificati ma qualifica coloro che Egli chiama per la Sua missione. Durante i prossimi 6 anni della nostra missione, aspiriamo ad essere testimoni del Suo amore e riflettere il vero scopo di Dio per il matrimonio: Un matrimonio che Lo glorifica.<\/p>\n<p>Gloria a Dio.<\/p>\n<\/div>\n<p style=\"text-align: center;\"><a class=\"contact\" href=\"mailto:cz.centre-europe@equipes-notre-dame.com\" target=\"_blank\" rel=\"noopener noreferrer\">Conttato Georgina &amp; Youssef<\/a><\/p>\n<hr \/>\n<div style=\"display: block; clear: both; margin: 50px 0;\">\n<h2 style=\"text-align: center;\">Coppia di collegamento Zona Eurafrica<\/h2>\n<figure id=\"attachment_4926\" aria-describedby=\"caption-attachment-4926\" style=\"width: 300px\" class=\"wp-caption aligncenter\"><img loading=\"lazy\" decoding=\"async\" class=\"wp-image-4926 size-medium\" src=\"https:\/\/equipes-notre-dame.com\/wp-content\/uploads\/2024\/08\/ERI-2024-Edith-Jerome-EKOUE-KOVI-300x253.jpg\" alt=\"\" width=\"300\" height=\"253\" srcset=\"https:\/\/equipes-notre-dame.com\/wp-content\/uploads\/2024\/08\/ERI-2024-Edith-Jerome-EKOUE-KOVI-300x253.jpg 300w, https:\/\/equipes-notre-dame.com\/wp-content\/uploads\/2024\/08\/ERI-2024-Edith-Jerome-EKOUE-KOVI-768x648.jpg 768w, https:\/\/equipes-notre-dame.com\/wp-content\/uploads\/2024\/08\/ERI-2024-Edith-Jerome-EKOUE-KOVI.jpg 880w\" sizes=\"(max-width: 300px) 100vw, 300px\" \/><figcaption id=\"caption-attachment-4926\" class=\"wp-caption-text\">Edith &amp; Jer\u00f4me EKOUE KOVI <br \/>Togo<\/figcaption><\/figure>\n<p>Siamo Edith e J\u00e9r\u00f4me EKOUE KOVI. Sposati nel 2002, ci siamo uniti alle \u00c9quipe Notre-Dame nel 2004. Abbiamo tre figli. Viviamo a Lom\u00e9, la capitale del Togo, un paese dell&#8217;Africa occidentale.<\/p>\n<p>Umilmente e abbandonandoci totalmente alla provvidenza divina, abbiamo accettato la chiamata alla Responsabilit\u00e0 della zona Eurafrica che, come suggerisce il nome, si estende su 2 continenti. \u00c8 composta da 4 super-regioni: l&#8217;Africa Francofona (Benin, Burkina Faso, Burundi, Camerun, Congo Brazzaville, Repubblica Centrafricana, Costa d&#8217;Avorio, Gabon, Guinea Conakry, Niger, Mali, Mauritania, Senegal, Repubblica Democratica del Congo, Ruanda, Ciad e Togo. Il Ghana orientale, pilotato dal Togo, e la Nigeria, pilotata dal Benin, fanno anche parte della nostra zona sebbene siano anglofoni), Spagna, Italia e Portogallo. Si parlano cinque lingue. Questa diversit\u00e0 linguistica pu\u00f2 apparire inizialmente come una barriera che ci impedisce di avvicinarci gli uni agli altri, ma in Cristo siamo uniti. Ci\u00f2 che conta \u00e8 essere di un solo cuore e di un solo spirito.<\/p>\n<p>Crediamo di poter aiutare a mescolare le diverse culture della nostra zona e arricchirci reciprocamente condividendo le buone pratiche nel lavoro di squadra. Speriamo anche di riflettere insieme alle diverse componenti della nostra zona per trovare modi per rafforzare le capacit\u00e0 dei membri del team attraverso la formazione e lo sviluppo della squadra.<\/p>\n<p>Che lo Spirito Santo ci assista nel nostro approccio e che il Signore ci aiuti a onorare il nostro impegno!<\/p>\n<\/div>\n<p style=\"text-align: center;\"><a class=\"contact\" href=\"mailto:cz.eurafrique@equipes-notre-dame.com\" target=\"_blank\" rel=\"noopener noreferrer\">Conttato Edith &amp; J\u00e9r\u00f4me<\/a><\/p>\n<hr \/>\n<div style=\"display: block; clear: both; margin: 50px 0;\">\n<h2 style=\"text-align: center;\">Coppia di collegamento Zona Americhe<\/h2>\n<figure id=\"attachment_4921\" aria-describedby=\"caption-attachment-4921\" style=\"width: 300px\" class=\"wp-caption aligncenter\"><img loading=\"lazy\" decoding=\"async\" class=\"wp-image-4921 size-medium\" src=\"https:\/\/equipes-notre-dame.com\/wp-content\/uploads\/2024\/08\/ERI-2024-Cristiane-Luiz-Antonio-BRITO-300x225.jpg\" alt=\"\" width=\"300\" height=\"225\" srcset=\"https:\/\/equipes-notre-dame.com\/wp-content\/uploads\/2024\/08\/ERI-2024-Cristiane-Luiz-Antonio-BRITO-300x225.jpg 300w, https:\/\/equipes-notre-dame.com\/wp-content\/uploads\/2024\/08\/ERI-2024-Cristiane-Luiz-Antonio-BRITO-1024x767.jpg 1024w, https:\/\/equipes-notre-dame.com\/wp-content\/uploads\/2024\/08\/ERI-2024-Cristiane-Luiz-Antonio-BRITO-768x575.jpg 768w, https:\/\/equipes-notre-dame.com\/wp-content\/uploads\/2024\/08\/ERI-2024-Cristiane-Luiz-Antonio-BRITO.jpg 1280w\" sizes=\"(max-width: 300px) 100vw, 300px\" \/><figcaption id=\"caption-attachment-4921\" class=\"wp-caption-text\">Cristiane &amp; Antonio BRITO<br \/>Br\u00e9sil<\/figcaption><\/figure>\n<p>Siamo Cristiane e Brito, viviamo in Brasile, a S\u00e3o Jos\u00e9 dos Campos, S\u00e3o Paulo. Siamo sposati dal 1990 e abbiamo due figlie e due nipoti. Siamo nelle squadre dal 1999 e ora siamo la coppia di collegamento della zona Americana, che \u00e8 composta dalla Super Regione Colombia, America Ispanica del Nord, America Ispanica del Sud e Brasile. Affidiamo la nostra missione nelle mani dello Spirito Santo e Gli chiediamo di guidarci secondo la volont\u00e0 e i piani di Dio affinch\u00e9 il Suo progetto si realizzi pienamente.<\/p>\n<\/div>\n<p style=\"text-align: center;\"><a class=\"contact\" href=\"mailto:cz.america@equipes-notre-dame.com\" target=\"_blank\" rel=\"noopener noreferrer\">Conttato Cristiane &amp; Antonio<\/a><\/p>\n<hr \/>\n<div style=\"display: block; clear: both; margin: 50px 0;\">\n<h2 style=\"text-align: center;\">Coppia responsabile della Comunicazione<\/h2>\n<figure id=\"attachment_4928\" aria-describedby=\"caption-attachment-4928\" style=\"width: 300px\" class=\"wp-caption aligncenter\"><img loading=\"lazy\" decoding=\"async\" class=\"wp-image-4928 size-medium\" src=\"https:\/\/equipes-notre-dame.com\/wp-content\/uploads\/2024\/08\/ERI-2024-Carmen-Ricardo-RODRIGUEZ-ORTIZ-300x210.jpeg\" alt=\"\" width=\"300\" height=\"210\" srcset=\"https:\/\/equipes-notre-dame.com\/wp-content\/uploads\/2024\/08\/ERI-2024-Carmen-Ricardo-RODRIGUEZ-ORTIZ-300x210.jpeg 300w, https:\/\/equipes-notre-dame.com\/wp-content\/uploads\/2024\/08\/ERI-2024-Carmen-Ricardo-RODRIGUEZ-ORTIZ-768x539.jpeg 768w, https:\/\/equipes-notre-dame.com\/wp-content\/uploads\/2024\/08\/ERI-2024-Carmen-Ricardo-RODRIGUEZ-ORTIZ.jpeg 1024w\" sizes=\"(max-width: 300px) 100vw, 300px\" \/><figcaption id=\"caption-attachment-4928\" class=\"wp-caption-text\">Carmen &amp; Ricardo RODRIGUEZ MAR\u00cdN <br \/>ESPA\u00d1A<\/figcaption><\/figure>\n<p>Siamo Ricardo e Carmen Rodr\u00edguez-Mar\u00edn di Torrent, Valencia, Spagna. Siamo sposati da 26 anni e da allora siamo membri delle \u00c9quipe Notre-Dame. Abbiamo tre figli, due femmine e un maschio.<\/p>\n<p>Abbiamo un forte senso di comunit\u00e0 che ci ha sempre portato a partecipare nella nostra parrocchia. Abbiamo anche avuto diverse responsabilit\u00e0 nella nostra SR, ma l&#8217;appartenenza a un&#8217;\u00e9quipe Satellite ha ampliato la nostra visione internazionale del Movimento.<\/p>\n<p>Il nostro ultimo servizio \u00e8 essere la coppia responsabile della comunicazione e delle \u00e9quipe satellite nell&#8217;attuale ERI. Crediamo che Dio ci chiami a servire facendo del nostro meglio con le nostre capacit\u00e0.<\/p>\n<p>Speriamo che la nostra missione aiuti ogni \u00e9quipe nel mondo a sentirsi parte di una grande comunit\u00e0 che ha il sostegno reciproco e l&#8217;amore di Ges\u00f9 come stile di vita.<\/p>\n<\/div>\n<p style=\"text-align: center;\"><a class=\"contact\" href=\"mailto:cr.communication@equipes-notre-dame.com\" target=\"_blank\" rel=\"noopener noreferrer\">Conttato Carmen &amp; Ricardo<\/a><\/p>\n<div style=\"display: block; clear: both; margin: 50px 0;\">\n<hr \/>\n<h2 style=\"text-align: center;\"><strong>Coppia responsabile della Segreteria<\/strong><\/h2>\n<figure id=\"attachment_4931\" aria-describedby=\"caption-attachment-4931\" style=\"width: 300px\" class=\"wp-caption aligncenter\"><img loading=\"lazy\" decoding=\"async\" class=\"wp-image-4931 size-medium\" src=\"https:\/\/equipes-notre-dame.com\/wp-content\/uploads\/2024\/08\/ERI-2024-Christophe-Catherine-BERNARD-300x200.jpg\" alt=\"\" width=\"300\" height=\"200\" srcset=\"https:\/\/equipes-notre-dame.com\/wp-content\/uploads\/2024\/08\/ERI-2024-Christophe-Catherine-BERNARD-300x200.jpg 300w, https:\/\/equipes-notre-dame.com\/wp-content\/uploads\/2024\/08\/ERI-2024-Christophe-Catherine-BERNARD-768x512.jpg 768w, https:\/\/equipes-notre-dame.com\/wp-content\/uploads\/2024\/08\/ERI-2024-Christophe-Catherine-BERNARD-165x109.jpg 165w, https:\/\/equipes-notre-dame.com\/wp-content\/uploads\/2024\/08\/ERI-2024-Christophe-Catherine-BERNARD.jpg 1024w\" sizes=\"(max-width: 300px) 100vw, 300px\" \/><figcaption id=\"caption-attachment-4931\" class=\"wp-caption-text\">Catherine &amp; Christophe BERNARD<br \/>France<\/figcaption><\/figure>\n<p>Siamo Catherine e Christophe Bernard, siamo uniti dal sacramento del matrimonio da 40 anni e abbiamo 4 figli. Due sono sposati e ci hanno dato 6 nipoti, e il nostro secondo figlio \u00e8 sacerdote. Viviamo nell&#8217;est della Francia e siamo membri delle \u00c9quipe Notre-Dame dal 1988. Siamo la coppia segretaria, e Christophe \u00e8 anche il tesoriere dell&#8217;associazione END International. Portiamo all&#8217;\u00c9quipe Responsabile Internazionale il nostro amore per le \u00c9quipe e la nostra esperienza di dieci anni nell&#8217;\u00c9quipe Responsabile di una grande Super-Regione.<\/p>\n<\/div>\n<p style=\"text-align: center;\"><a class=\"contact\" href=\"mailto:cr.secretariat@equipes-notre-dame.com\" target=\"_blank\" rel=\"noopener noreferrer\">Conttato Catherine &amp; Christophe<\/a><\/p>\n<hr \/>\n<h2 style=\"text-align: center;\">Segretaria<\/h2>\n<p style=\"text-align: center;\"><a class=\"contact\" href=\"mailto:bureau@equipes-notre-dame.com\" target=\"_blank\" rel=\"noopener noreferrer\">Conttato<\/a><\/p>\n","protected":false},"excerpt":{"rendered":"<p>7 coppie da tutto il mondo e 1 Consigliere Spirituale formano la Equipe che serve tutte le coppie in tutto il mondo.<\/p>\n","protected":false},"author":2,"featured_media":4933,"comment_status":"closed","ping_status":"closed","sticky":false,"template":"","format":"standard","meta":{"footnotes":"","_links_to":"","_links_to_target":""},"categories":[28],"tags":[],"translation":{"provider":"WPGlobus","version":"2.12.2","language":"it","enabled_languages":["fr","pt","es","it","en"],"languages":{"fr":{"title":true,"content":true,"excerpt":true},"pt":{"title":true,"content":true,"excerpt":true},"es":{"title":true,"content":true,"excerpt":true},"it":{"title":true,"content":true,"excerpt":true},"en":{"title":true,"content":true,"excerpt":true}}},"_links":{"self":[{"href":"https:\/\/equipes-notre-dame.com\/it\/wp-json\/wp\/v2\/posts\/4912"}],"collection":[{"href":"https:\/\/equipes-notre-dame.com\/it\/wp-json\/wp\/v2\/posts"}],"about":[{"href":"https:\/\/equipes-notre-dame.com\/it\/wp-json\/wp\/v2\/types\/post"}],"author":[{"embeddable":true,"href":"https:\/\/equipes-notre-dame.com\/it\/wp-json\/wp\/v2\/users\/2"}],"replies":[{"embeddable":true,"href":"https:\/\/equipes-notre-dame.com\/it\/wp-json\/wp\/v2\/comments?post=4912"}],"version-history":[{"count":28,"href":"https:\/\/equipes-notre-dame.com\/it\/wp-json\/wp\/v2\/posts\/4912\/revisions"}],"predecessor-version":[{"id":4945,"href":"https:\/\/equipes-notre-dame.com\/it\/wp-json\/wp\/v2\/posts\/4912\/revisions\/4945"}],"wp:featuredmedia":[{"embeddable":true,"href":"https:\/\/equipes-notre-dame.com\/it\/wp-json\/wp\/v2\/media\/4933"}],"wp:attachment":[{"href":"https:\/\/equipes-notre-dame.com\/it\/wp-json\/wp\/v2\/media?parent=4912"}],"wp:term":[{"taxonomy":"category","embeddable":true,"href":"https:\/\/equipes-notre-dame.com\/it\/wp-json\/wp\/v2\/categories?post=4912"},{"taxonomy":"post_tag","embeddable":true,"href":"https:\/\/equipes-notre-dame.com\/it\/wp-json\/wp\/v2\/tags?post=4912"}],"curies":[{"name":"wp","href":"https:\/\/api.w.org\/{rel}","templated":true}]}}