{"id":547,"date":"2018-01-16T10:36:09","date_gmt":"2018-01-16T10:36:09","guid":{"rendered":"http:\/\/equipes.nelsoncardeira.com\/?p=547"},"modified":"2018-01-16T10:36:09","modified_gmt":"2018-01-16T10:36:09","slug":"fatima-2018-2","status":"publish","type":"post","link":"https:\/\/equipes-notre-dame.com\/it\/sulla-strada-per-fatima-2018\/","title":{"rendered":"Sulla strada per Fatima 2018"},"content":{"rendered":"<p>Siamo gi\u00e0 nella fase finale di preparazione del grande incontro di Fatima 2018.<\/p>\n<p>Anche se quelli che parteciperanno all\u2019evento sono poco numerosi in rapporto alla totalit\u00e0 degli equipiers del nostro Movimento, \u00e8 auspicabile che tutti si sentano mobilitati nella preparazione spirituale dello stesso in quanto riguarda, o dovrebbe riguardare ,tutti. Le equipes e le coppie che parteciperanno rappresenteranno tutti gli equipiers. Con l\u2019aiuto di qualche breve riflessione, vorrei aiutare a comprendere ci\u00f2 che Fatima rappresenta per i fedeli alla Madonna, le cui apparizioni, da maggio a ottobre 1917, sono state riconosciute dalla chiesa. La testimonianza di santit\u00e0 dei Veggenti, ragione per la quale Giacinto e Francesco sono stati gi\u00e0 canonizzati, \u00e8 il segno pi\u00f9 forte dell\u2019autenticit\u00e0 e della verit\u00e0 di ci\u00f2 che \u00e8 successo a Fatima.<\/p>\n<p>Si possono declinare gli eventi di Fatima in tre cicli:<\/p>\n<p>1) \u00a0\u00a0\u00a0\u00a0\u00a0\u00a0\u00a0 il ciclo angelico, con le apparizioni dell\u2019Angelo nel 1916 , che preparano i Pastorelli alle apparizioni della Madonna;<\/p>\n<p>2)\u00a0\u00a0\u00a0\u00a0\u00a0\u00a0\u00a0\u00a0 il ciclo mariano con le sei apparizioni della Madonna ogni 13 del mese, da maggio a ottobre 1917, ( salvo in agosto in cui l\u2019apparrizione ebbe luogo il 19);<\/p>\n<p>3)\u00a0\u00a0\u00a0\u00a0\u00a0\u00a0\u00a0\u00a0 un terzo ciclo , a Pontevedra e Tuy, in Spagna, tra il 1925 e il 1929, con le apparizioni della Madonna a Lucia, quando quest\u2019utima era gi\u00e0 religiosa nella Congregazione delle Suore Dorotee.<\/p>\n<p>Nelle prossime note , spiegher\u00f2 un po\u2019 ciascuno di questi cicli. Ma per il momento voi avete gi\u00e0 un\u2019idea sull\u2019estensione temporale e spaziale degli avvenimenti di Fatima, il cui contenuto sar\u00e0 oggetto delle prossime riflessioni.<\/p>\n<p><strong><em>P. Jos\u00e9 Jacinto Ferreira de Farias, scj<br \/>\nConsigliere Spiritual dell\u2019ERI<\/em><\/strong><\/p>\n<p align=\"right\"><strong><em>\u00a0<\/em><\/strong><\/p>\n","protected":false},"excerpt":{"rendered":"<p>Siamo gi\u00e0 nella fase finale di preparazione del grande incontro di Fatima 2018.<\/p>\n","protected":false},"author":3,"featured_media":552,"comment_status":"closed","ping_status":"closed","sticky":false,"template":"","format":"standard","meta":{"footnotes":"","_links_to":"","_links_to_target":""},"categories":[6],"tags":[],"translation":{"provider":"WPGlobus","version":"2.12.2","language":"it","enabled_languages":["fr","pt","es","it","en"],"languages":{"fr":{"title":true,"content":true,"excerpt":true},"pt":{"title":true,"content":true,"excerpt":true},"es":{"title":true,"content":true,"excerpt":true},"it":{"title":true,"content":true,"excerpt":true},"en":{"title":true,"content":true,"excerpt":true}}},"_links":{"self":[{"href":"https:\/\/equipes-notre-dame.com\/it\/wp-json\/wp\/v2\/posts\/547"}],"collection":[{"href":"https:\/\/equipes-notre-dame.com\/it\/wp-json\/wp\/v2\/posts"}],"about":[{"href":"https:\/\/equipes-notre-dame.com\/it\/wp-json\/wp\/v2\/types\/post"}],"author":[{"embeddable":true,"href":"https:\/\/equipes-notre-dame.com\/it\/wp-json\/wp\/v2\/users\/3"}],"replies":[{"embeddable":true,"href":"https:\/\/equipes-notre-dame.com\/it\/wp-json\/wp\/v2\/comments?post=547"}],"version-history":[{"count":0,"href":"https:\/\/equipes-notre-dame.com\/it\/wp-json\/wp\/v2\/posts\/547\/revisions"}],"wp:featuredmedia":[{"embeddable":true,"href":"https:\/\/equipes-notre-dame.com\/it\/wp-json\/wp\/v2\/media\/552"}],"wp:attachment":[{"href":"https:\/\/equipes-notre-dame.com\/it\/wp-json\/wp\/v2\/media?parent=547"}],"wp:term":[{"taxonomy":"category","embeddable":true,"href":"https:\/\/equipes-notre-dame.com\/it\/wp-json\/wp\/v2\/categories?post=547"},{"taxonomy":"post_tag","embeddable":true,"href":"https:\/\/equipes-notre-dame.com\/it\/wp-json\/wp\/v2\/tags?post=547"}],"curies":[{"name":"wp","href":"https:\/\/api.w.org\/{rel}","templated":true}]}}