{"id":642,"date":"2017-04-27T11:55:39","date_gmt":"2017-04-27T11:55:39","guid":{"rendered":"http:\/\/equipes.nelsoncardeira.com\/?p=642"},"modified":"2017-04-27T11:55:39","modified_gmt":"2017-04-27T11:55:39","slug":"comentario-mensal-sobre-a-alegria-do-amor-pelo-padre-jacinto-farias","status":"publish","type":"post","link":"https:\/\/equipes-notre-dame.com\/it\/commento-mensile-su-la-gioia-dellamore-a-cura-di-p-jacinto-farias\/","title":{"rendered":"Commento mensile su &#8220;La gioia dell\u2019Amore&#8221; a cura di P.Jacinto Farias"},"content":{"rendered":"<h2>Amoris Laetitia &#8211; Il secondo capitolo<\/h2>\n<p style=\"font-weight: 400;\">Il secondo capitolo dell\u2019Amoris laetitia \u00e8 consacrato all\u2019osservazione della realt\u00e0 del matrimonio e della famiglia nella societ\u00e0 e nella Chiesa: l\u2019ambiente vi \u00e8 caratterizzato, complessivamente, come un \u201cdegrado morale e umano\u201d (AL 35). Con molta lucidit\u00e0 e senso della realt\u00e0, Papa Francesco denuncia la \u201cdecadenza culturale\u201d, della quale l\u2019espressione pi\u00f9 evidente \u00e8 l\u2019opinione, sempre pi\u00f9 presente nella societ\u00e0 attuale, secondo la quale \u201ctutto \u00e8 scartabile\u201d (AL 39). L\u2019unit\u00e0 e l\u2019indissolubilit\u00e0 del matrimonio, che la Chiesa riconosce e difende, sembra estranea a molti. Essi non sentono che il messaggio della Chiesa sul matrimonio e sulla famiglia \u00e8 un riflesso della predicazione e degli atteggiamenti di Ges\u00f9, che nel contempo proponeva un ideale esigente e non perdeva mai la vicinanza compassionevole alle persone fragili (cfr. AL 38). In questo senso Papa Francesco attira l\u2019attenzione su qualche sfida per ci\u00f2 che concerne la necessaria accoglienza e l\u2019integrazione nella famiglia e nella societ\u00e0 delle persone portatrici di handicap (cfr. AL 47), delle persone anziane, in sempre pi\u00f9 grande numero oggi, contrariamente al tasso di natalit\u00e0 sempre pi\u00f9 basso; ci\u00f2 che mette in pericolo il necessario rinnovarsi della societ\u00e0 (cfr. AL 48), oltretutto con il grave problema della esclusione del mistero della sofferenza e della morte e il ricorso all\u2019eutanasia come mezzo per morire senza dolore (AL 48).<br \/>\nSe i cristiani vacillano nella loro fede, il mondo si raffredda e muore di freddo, privato dei valori che solo i cristiani, animati dallo Spirito del Signore, possono offrire ad esso; questo si verifica anche nella crisi attuale provocata, fra altre cause, da una certa idealizzazione del matrimonio e dell\u2019amore (AL 36) e da un \u201cindividualismo esasperato\u201d (AL 33) secondo il quale la realizzazione di s\u00e9 e la felicit\u00e0 sono il fine assoluto che giustifica l\u2019esistenza umana. La famiglia non pu\u00f2 trasformarsi in un luogo di passaggio (cfr. AL 34) e il matrimonio, sul quale si fonda la famiglia, dovr\u00e0 essere visto \u201ccome un cammino dinamico di crescita e di realizzazione \u201c (AL 37) e non come \u201cun peso da sopportare per tutta la vita\u201d (AL 37).<br \/>\nEcco alcuni problemi e sfide che si pongono alla Chiesa e ad ogni cristiano: si tratta di tenere seriamente conto del Vangelo del matrimonio e della famiglia, inseparabile dal mistero della croce, della croce gloriosa che il Signore ha portato sulle sue spalle nel cammino del calvario. La croce che Egli ha portato \u00e8 la croce di ciascuno di noi; questa croce portata dal Signore e con Lui \u00e8 segno di salvezza. Con le coppie cristiane e con le famiglie, la Chiesa \u00e8 inviata in missione per testimoniare l\u2019amore crocifisso sorgente di pace e di speranza per il mondo: \u201cLa famiglia \u00e8 un bene da cui la societ\u00e0 non pu\u00f2 prescindere, ma ha bisogno di essere protetta\u201d (AL 44). Ecco la preoccupazione di fondo che anima l\u2019Amoris Laetitia, che insiste sulla presentazione della bellezza dell\u2019amore pi\u00f9 che sugli aspetti oscuri della crisi. \u00c8 per ci\u00f2 che questo capitolo si limita ad attirare l\u2019attenzione: la sua intenzione \u00e8 di segnare il passaggio con il cantico della carit\u00e0, seguendo i passi di San Paolo.<\/p>\n<p style=\"font-weight: 400;\"><b><strong> Jos\u00e9 Jacinto Ferreira de Farias, scj<br \/>\nCongliere Spitituale ERI<\/strong><\/b><\/p>\n","protected":false},"excerpt":{"rendered":"<p>Amoris Laetitia &#8211; Il secondo capitolo<\/p>\n","protected":false},"author":3,"featured_media":643,"comment_status":"closed","ping_status":"closed","sticky":false,"template":"","format":"standard","meta":{"footnotes":"","_links_to":"","_links_to_target":""},"categories":[6],"tags":[],"translation":{"provider":"WPGlobus","version":"2.12.2","language":"it","enabled_languages":["fr","pt","es","it","en"],"languages":{"fr":{"title":true,"content":true,"excerpt":true},"pt":{"title":true,"content":true,"excerpt":true},"es":{"title":true,"content":true,"excerpt":true},"it":{"title":true,"content":true,"excerpt":true},"en":{"title":true,"content":true,"excerpt":true}}},"_links":{"self":[{"href":"https:\/\/equipes-notre-dame.com\/it\/wp-json\/wp\/v2\/posts\/642"}],"collection":[{"href":"https:\/\/equipes-notre-dame.com\/it\/wp-json\/wp\/v2\/posts"}],"about":[{"href":"https:\/\/equipes-notre-dame.com\/it\/wp-json\/wp\/v2\/types\/post"}],"author":[{"embeddable":true,"href":"https:\/\/equipes-notre-dame.com\/it\/wp-json\/wp\/v2\/users\/3"}],"replies":[{"embeddable":true,"href":"https:\/\/equipes-notre-dame.com\/it\/wp-json\/wp\/v2\/comments?post=642"}],"version-history":[{"count":0,"href":"https:\/\/equipes-notre-dame.com\/it\/wp-json\/wp\/v2\/posts\/642\/revisions"}],"wp:featuredmedia":[{"embeddable":true,"href":"https:\/\/equipes-notre-dame.com\/it\/wp-json\/wp\/v2\/media\/643"}],"wp:attachment":[{"href":"https:\/\/equipes-notre-dame.com\/it\/wp-json\/wp\/v2\/media?parent=642"}],"wp:term":[{"taxonomy":"category","embeddable":true,"href":"https:\/\/equipes-notre-dame.com\/it\/wp-json\/wp\/v2\/categories?post=642"},{"taxonomy":"post_tag","embeddable":true,"href":"https:\/\/equipes-notre-dame.com\/it\/wp-json\/wp\/v2\/tags?post=642"}],"curies":[{"name":"wp","href":"https:\/\/api.w.org\/{rel}","templated":true}]}}