{"id":1950,"date":"2015-10-12T09:50:23","date_gmt":"2015-10-12T09:50:23","guid":{"rendered":"http:\/\/equipes.nelsoncardeira.com\/?p=1950"},"modified":"2015-10-12T09:50:23","modified_gmt":"2015-10-12T09:50:23","slug":"lettre-doctobre-2015","status":"publish","type":"post","link":"https:\/\/equipes-notre-dame.com\/pt\/carta-de-outubro-2015\/","title":{"rendered":"Carta de Outubro 2015"},"content":{"rendered":"<figure id=\"attachment_1939\" aria-describedby=\"caption-attachment-1939\" style=\"width: 168px\" class=\"wp-caption aligncenter\"><img loading=\"lazy\" decoding=\"async\" class=\"imgdropshadow wp-image-1939\" src=\"\/wp-content\/uploads\/2019\/08\/pe_jacinto_farias-231x300.jpg\" alt=\"\" width=\"168\" height=\"218\" srcset=\"https:\/\/equipes-notre-dame.com\/wp-content\/uploads\/2019\/08\/pe_jacinto_farias-231x300.jpg 231w, https:\/\/equipes-notre-dame.com\/wp-content\/uploads\/2019\/08\/pe_jacinto_farias.jpg 236w\" sizes=\"(max-width: 168px) 100vw, 168px\" \/><figcaption id=\"caption-attachment-1939\" class=\"wp-caption-text\">Padre Jacinto Farias<\/figcaption><\/figure>\n<hr \/>\n<p>CAR\u00cdSSIMOS EQUIPISTAS,<\/p>\n<p>\u00abDuras s\u00e3o estas palavras, quem as pode escutar?\u00bb (Jo 6,60), foi a reac\u00e7\u00e3o de muitos disc\u00edpulos quando Jesus, depois da multiplica\u00e7\u00e3o dos p\u00e3es, disse que Ele \u00e9 o verdadeiro p\u00e3o que alimenta para a vida eterna. Num na clara alus\u00e3o \u00e0 Eucaristia, Jesus diz que a sua carne \u00e9 verdadeira comida, que o seu sangue \u00e9 verdadeira bebida. Na l\u00f3gica do evangelho de S. Jo\u00e3o este discurso de Jesus sobre o p\u00e3o da vida percebe-se melhor se nos recordarmos que Jesus \u00e9 a Palavra de Deus incarnada (Jo 1,14), a \u00fanica e definitiva Palavra que Deus diz \u00e0 humanidade. A reac\u00e7\u00e3o dos disc\u00edpulos \u00e9 porque n\u00e3o conseguem entender que a Palavra de Deus \u2013 a Lei e os Profetas \u2013 agora se configura na pessoa de Jesus que fala na comunidade dos seus disc\u00edpulos. Ele mesmo \u00e9 e d\u00e1 a Palavra de Deus da qual o homem deve viver mais do que do alimento que perece: nem s\u00f3 de p\u00e3o vive o homem, mas de toda a palavra que sai da boca de Deus\u00bb. Os judeus sabiam isto; eles levavam o primeiro mandamento \u2013 \u2018escuta, Israel\u2019 (Dt 6,4) \u2013 diante dos olhos, como luz, e como man\u00edpulo no bra\u00e7o. Mas quando Jesus diz que a Palavra que alimenta j\u00e1 n\u00e3o \u00e9 nem a Lei nem os Profetas, mas Ele mesmo em pessoa; que o lugar da escuta \u00e9 a comunidade dos disc\u00edpulos, tais palavras s\u00e3o \u00abduras\u00bb de entender porque exigem uma convers\u00e3o completa: \u00a0\u00abagora\u00bb amar a Deus sobre todas as coisas significa seguir Jesus que nos conduz a Deus. Ele \u00e9 em pessoa o rosto vis\u00edvel de Deus. Mesmo se \u00e9 poss\u00edvel adorar a Deus em esp\u00edrito e verdade em toda a parte, \u00e9 na comunidade dos seus disc\u00edpulos, a Igreja, que encontramos o lugar onde Ele est\u00e1 presente, mesmo se dorme durante as grandes tempestades da hist\u00f3ria e da vida pessoal de cada um. Tudo isto soava de um modo demasiado estranho aos ouvidos de muitos dos disc\u00edpulos e por isso se afastaram e j\u00e1 n\u00e3o estavam com Ele. Foi ent\u00e3o que Jesus perguntou aos restantes, os Doze: \u00abE v\u00f3s, tamb\u00e9m quereis ir-vos embora? Mas Pedro, em nome de todos, disse: Para onde havemos de ir, Senhor? V\u00f3s tendes palavras de vida eterna!&#8230; \u00bb (Jo 6,67-68).<\/p>\n<p>Estas palavras s\u00e3o duras tamb\u00e9m hoje, tal como foram naquele tempo. Para Jesus mesmo na hora da sua paix\u00e3o: Abba, tudo Te \u00e9 poss\u00edvel: afasta de mim este c\u00e1lice! No entanto, n\u00e3o se fa\u00e7a o que eu quero, mas o que tu queres!\u00bb (Mc 14,36) Duras s\u00e3o as palavras de Jesus repetidas por S. Paulo \u2013 \u00abE os dois formar\u00e3o uma s\u00f3 carne\u00bb (Mc 10,8) \u2013 em refer\u00eancia ao casamento entre os disc\u00edpulos de Cristo, texto que \u00e9 a base da Escritura para a afirma\u00e7\u00e3o da indissolubilidade do matrim\u00f3nio sacramental (Ef 5,31-32). Segundo o ap\u00f3stolo e iluminado pelo mist\u00e9rio de Cristo e da Igreja, pelo casamento o corpo do marido \u00e9 a esposa e a cabe\u00e7a da esposa \u00e9 o marido. A mulher \u00e9 o cora\u00e7\u00e3o do marido, vivendo em rec\u00edproca submiss\u00e3o, porque a obedi\u00eancia rec\u00edproca, que \u00e9 a ess\u00eancia da rela\u00e7\u00e3o entre os crist\u00e3os (cf. Ef 5,21), somente \u00e9 poss\u00edvel entre pessoas que se amam. Amar \u00e9 ser capaz de se dar na perfei\u00e7\u00e3o do amor que \u00e9 o perd\u00e3o. Amar e sofrer s\u00e3o id\u00eanticos. O amor humano, mesmo transfigurado pela gra\u00e7a, \u00e9 um amor crucificado. Estas palavras s\u00e3o verdadeiramente duras, mas elas t\u00eam a do\u00e7ura do amor.<\/p>\n<p>Na medida do poss\u00edvel e com o aux\u00edlio da gra\u00e7a do Senhor, fa\u00e7amos nossas as palavras de Pedro: \u00abPara onde havemos de ir, Senhor? V\u00f3s tendes palavras de vida eterna!\u00bb N\u00e3o vos esque\u00e7ais disto na vossa ora\u00e7\u00e3o conjugal e sobretudo no vosso \u00abdever de sentar\u00bb.<\/p>\n<p>Sa\u00fado-vos a todos muito cordialmente no Senhor. N\u00e3o vos esque\u00e7ais de rezar por mim; eu fa\u00e7o o mesmo por v\u00f3s.<\/p>\n<p align=\"right\"><strong><em>P. Jos\u00e9 Jacinto Ferreira de Farias, scj.<\/em><\/strong><strong><em><br \/>\n<\/em>Conseiller Spirituel de l\u2019ERI.<\/strong><\/p>\n<hr \/>\n<h3 style=\"text-align: center;\" align=\"right\"><a href=\"https:\/\/equipes-notre-dame.com\/sites\/default\/files\/correio_da_eri_oct_pt.pdf\" target=\"_blank\" rel=\"noopener noreferrer\"><em>\u201cA<strong>nunciar, testemunhar e comunicar<\/strong>\u201d, a nossa voca\u00e7\u00e3o de casais e fam\u00edlias<\/em><\/a><\/h3>\n<figure id=\"attachment_1952\" aria-describedby=\"caption-attachment-1952\" style=\"width: 300px\" class=\"wp-caption aligncenter\"><img loading=\"lazy\" decoding=\"async\" class=\"wp-image-1952 size-medium\" src=\"\/wp-content\/uploads\/2015\/10\/audience_pape-discours_to_et_ze_-_copie_2-300x168.jpg\" alt=\"\" width=\"300\" height=\"168\" srcset=\"https:\/\/equipes-notre-dame.com\/wp-content\/uploads\/2015\/10\/audience_pape-discours_to_et_ze_-_copie_2-300x168.jpg 300w, https:\/\/equipes-notre-dame.com\/wp-content\/uploads\/2015\/10\/audience_pape-discours_to_et_ze_-_copie_2.jpg 342w\" sizes=\"(max-width: 300px) 100vw, 300px\" \/><figcaption id=\"caption-attachment-1952\" class=\"wp-caption-text\">Por To et Ze Moura Soares.<\/figcaption><\/figure>\n","protected":false},"excerpt":{"rendered":"<p>\u00abDuras s\u00e3o estas palavras, quem as pode escutar?\u00bb (Jo 6,60), foi a reac\u00e7\u00e3o de muitos disc\u00edpulos quando Jesus, depois da multiplica\u00e7\u00e3o dos p\u00e3es, disse que Ele \u00e9 o verdadeiro p\u00e3o que alimenta para a vida eterna.<\/p>\n","protected":false},"author":3,"featured_media":2296,"comment_status":"closed","ping_status":"closed","sticky":false,"template":"","format":"standard","meta":{"footnotes":"","_links_to":"","_links_to_target":""},"categories":[17],"tags":[],"translation":{"provider":"WPGlobus","version":"2.12.2","language":"pt","enabled_languages":["fr","pt","es","it","en"],"languages":{"fr":{"title":true,"content":true,"excerpt":true},"pt":{"title":true,"content":true,"excerpt":true},"es":{"title":true,"content":true,"excerpt":true},"it":{"title":true,"content":true,"excerpt":true},"en":{"title":true,"content":true,"excerpt":true}}},"_links":{"self":[{"href":"https:\/\/equipes-notre-dame.com\/pt\/wp-json\/wp\/v2\/posts\/1950"}],"collection":[{"href":"https:\/\/equipes-notre-dame.com\/pt\/wp-json\/wp\/v2\/posts"}],"about":[{"href":"https:\/\/equipes-notre-dame.com\/pt\/wp-json\/wp\/v2\/types\/post"}],"author":[{"embeddable":true,"href":"https:\/\/equipes-notre-dame.com\/pt\/wp-json\/wp\/v2\/users\/3"}],"replies":[{"embeddable":true,"href":"https:\/\/equipes-notre-dame.com\/pt\/wp-json\/wp\/v2\/comments?post=1950"}],"version-history":[{"count":0,"href":"https:\/\/equipes-notre-dame.com\/pt\/wp-json\/wp\/v2\/posts\/1950\/revisions"}],"wp:featuredmedia":[{"embeddable":true,"href":"https:\/\/equipes-notre-dame.com\/pt\/wp-json\/wp\/v2\/media\/2296"}],"wp:attachment":[{"href":"https:\/\/equipes-notre-dame.com\/pt\/wp-json\/wp\/v2\/media?parent=1950"}],"wp:term":[{"taxonomy":"category","embeddable":true,"href":"https:\/\/equipes-notre-dame.com\/pt\/wp-json\/wp\/v2\/categories?post=1950"},{"taxonomy":"post_tag","embeddable":true,"href":"https:\/\/equipes-notre-dame.com\/pt\/wp-json\/wp\/v2\/tags?post=1950"}],"curies":[{"name":"wp","href":"https:\/\/api.w.org\/{rel}","templated":true}]}}