{"id":1987,"date":"2014-04-15T14:16:05","date_gmt":"2014-04-15T14:16:05","guid":{"rendered":"http:\/\/equipes.nelsoncardeira.com\/?p=1987"},"modified":"2014-04-15T14:16:05","modified_gmt":"2014-04-15T14:16:05","slug":"lettre-davril-2014","status":"publish","type":"post","link":"https:\/\/equipes-notre-dame.com\/pt\/carta-de-abril-2014\/","title":{"rendered":"Carta de Abril, 2014"},"content":{"rendered":"<figure id=\"attachment_1939\" aria-describedby=\"caption-attachment-1939\" style=\"width: 168px\" class=\"wp-caption aligncenter\"><img loading=\"lazy\" decoding=\"async\" class=\"imgdropshadow wp-image-1939\" src=\"\/wp-content\/uploads\/2019\/08\/pe_jacinto_farias-231x300.jpg\" alt=\"\" width=\"168\" height=\"218\" srcset=\"https:\/\/equipes-notre-dame.com\/wp-content\/uploads\/2019\/08\/pe_jacinto_farias-231x300.jpg 231w, https:\/\/equipes-notre-dame.com\/wp-content\/uploads\/2019\/08\/pe_jacinto_farias.jpg 236w\" sizes=\"(max-width: 168px) 100vw, 168px\" \/><figcaption id=\"caption-attachment-1939\" class=\"wp-caption-text\">P\u00e9re Jacinto Farias<\/figcaption><\/figure>\n<hr \/>\n<p>Car\u00edssimos Equipistas,<\/p>\n<p>Este ano de 2014 \u00e9 marcado, a n\u00edvel da Igreja, pela prepara\u00e7\u00e3o para o pr\u00f3ximo s\u00ednodo dos Bispos, que ter\u00e1 como tema a fam\u00edlia ou os desafios pastorais da fam\u00edlia no contexto da nova evangeliza\u00e7\u00e3o. Para n\u00f3s, como movimento, \u00e9 um tema que nos interessa muito particularmente, pois temos como carisma e miss\u00e3o testemunhar na Igreja e no mundo a alegria de viver o ideal da santidade crist\u00e3 no casamento.<\/p>\n<p>Depois da Lumen Fidei, a primeira enc\u00edclica do Papa Francisco, recebemos a sua exorta\u00e7\u00e3o apost\u00f3lica na qual nos convida a viver a alegria do evangelho. Este \u00e9 um tema no qual o Papa Francisco tem insistido desde o princ\u00edpio do seu pontificado. Se em Bento XVI n\u00f3s t\u00ednhamos a preocupa\u00e7\u00e3o pela verdade, tema t\u00e3o importante no qual nos devemos sempre empenhar, pois, como diz Jesus,<\/p>\n<blockquote><p>s\u00f3 a Verdade nos libertar\u00e1 (Jo 8,32),<\/p><\/blockquote>\n<p>agora o Papa Francisco convida-nos a viver e a testemunhar a alegria de sermos o que somos, de sermos crist\u00e3os, nos diversos estados e condi\u00e7\u00f5es de cada um.<\/p>\n<p>Sabemos que o mundo de hoje n\u00e3o nos d\u00e1 grandes motivos de alegria. Conhecemos tamb\u00e9m os problemas grav\u00edssimos que amea\u00e7am e que ferem a fam\u00edlia, problemas que s\u00e3o transversais a todos os continentes e culturas. Mas a alegria que o Papa Francisco nos convida a testemunhar \u00e9 aquela que vem de dentro, do cora\u00e7\u00e3o pacificado pelo amor que Deus coloca nos nossos cora\u00e7\u00f5es, se deixarmos que Ele nos envolva com a sua gra\u00e7a e a sua miseric\u00f3rdia.<\/p>\n<p>O question\u00e1rio que foi enviado a toda a Igreja apresenta um diagn\u00f3stico sobre a situa\u00e7\u00e3o da fam\u00edlia hoje no mundo, e considera que uma das causas da actual crise por que passa a fam\u00edlia, ao n\u00edvel intra-eclesial, se encontra no enfraquecimento ou abandono da f\u00e9 na sacramentalidade do matrim\u00f3nio e no poder terap\u00eautico da penit\u00eancia sacramental. N\u00e3o podia ser mais rigoroso o diagn\u00f3stico. Ora aqui temos um programa muito importante para n\u00f3s como movimento, para cada casal e para cada equipa: aprofundarmos e renovarmos a nossa f\u00e9 nos sacramentos que suportam toda a nossa vida, na santidade do matrim\u00f3nio que se vive acolhendo a gra\u00e7a do sacramento da penit\u00eancia e alimentando-a na eucaristia.<\/p>\n<p><strong>Aqui est\u00e1, car\u00edssimos Casais, uma forte interpela\u00e7\u00e3o para aprofundarmos o nosso carisma e a nossa miss\u00e3o na Igreja, a partir da viv\u00eancia e celebra\u00e7\u00e3o destes sacramentos, sem os quais n\u00e3o h\u00e1 progresso na vida espiritual.\u00a0<\/strong><\/p>\n<p><strong>Espero que estejais todos bem. Sa\u00fado-vos com muita amizade e imploro para todos v\u00f3s a abund\u00e2ncia das gra\u00e7as e b\u00ean\u00e7\u00e3os de Deus.<\/strong><\/p>\n<p style=\"text-align: right;\"><strong><em>P. Jos\u00e9 Jacinto Ferreira de Farias, scj<\/em><\/strong><br \/>\n<strong>Conselheiro Espiritual das ERI<\/strong><\/p>\n<hr \/>\n<h3 style=\"text-align: center;\">\u2192\u00a0<a href=\"https:\/\/equipes-notre-dame.com\/sites\/default\/files\/eri_mccloskey_march_2014_pt.pdf\" target=\"_blank\" rel=\"noopener noreferrer\">\u00abTransmito-vos aquilo que recebi\u00bb (cf. 1 Cor 15,3).\u00a0\u00a0<\/a><\/h3>\n","protected":false},"excerpt":{"rendered":"<p>Este ano de 2014 \u00e9 marcado, a n\u00edvel da Igreja, pela prepara\u00e7\u00e3o para o pr\u00f3ximo s\u00ednodo dos Bispos, que ter\u00e1 como tema a fam\u00edlia ou os desafios pastorais da fam\u00edlia no contexto da nova evangeliza\u00e7\u00e3o. Para n\u00f3s, como movimento, \u00e9 um tema que nos interessa muito particularmente&#8230;<\/p>\n","protected":false},"author":3,"featured_media":2296,"comment_status":"closed","ping_status":"closed","sticky":false,"template":"","format":"standard","meta":{"footnotes":"","_links_to":"","_links_to_target":""},"categories":[17],"tags":[],"translation":{"provider":"WPGlobus","version":"2.12.2","language":"pt","enabled_languages":["fr","pt","es","it","en"],"languages":{"fr":{"title":true,"content":true,"excerpt":true},"pt":{"title":true,"content":true,"excerpt":true},"es":{"title":true,"content":true,"excerpt":true},"it":{"title":true,"content":true,"excerpt":true},"en":{"title":true,"content":true,"excerpt":true}}},"_links":{"self":[{"href":"https:\/\/equipes-notre-dame.com\/pt\/wp-json\/wp\/v2\/posts\/1987"}],"collection":[{"href":"https:\/\/equipes-notre-dame.com\/pt\/wp-json\/wp\/v2\/posts"}],"about":[{"href":"https:\/\/equipes-notre-dame.com\/pt\/wp-json\/wp\/v2\/types\/post"}],"author":[{"embeddable":true,"href":"https:\/\/equipes-notre-dame.com\/pt\/wp-json\/wp\/v2\/users\/3"}],"replies":[{"embeddable":true,"href":"https:\/\/equipes-notre-dame.com\/pt\/wp-json\/wp\/v2\/comments?post=1987"}],"version-history":[{"count":0,"href":"https:\/\/equipes-notre-dame.com\/pt\/wp-json\/wp\/v2\/posts\/1987\/revisions"}],"wp:featuredmedia":[{"embeddable":true,"href":"https:\/\/equipes-notre-dame.com\/pt\/wp-json\/wp\/v2\/media\/2296"}],"wp:attachment":[{"href":"https:\/\/equipes-notre-dame.com\/pt\/wp-json\/wp\/v2\/media?parent=1987"}],"wp:term":[{"taxonomy":"category","embeddable":true,"href":"https:\/\/equipes-notre-dame.com\/pt\/wp-json\/wp\/v2\/categories?post=1987"},{"taxonomy":"post_tag","embeddable":true,"href":"https:\/\/equipes-notre-dame.com\/pt\/wp-json\/wp\/v2\/tags?post=1987"}],"curies":[{"name":"wp","href":"https:\/\/api.w.org\/{rel}","templated":true}]}}