{"id":4225,"date":"2022-04-21T09:27:36","date_gmt":"2022-04-21T09:27:36","guid":{"rendered":"https:\/\/equipes-notre-dame.com\/?p=4225"},"modified":"2023-12-10T10:35:04","modified_gmt":"2023-12-10T10:35:04","slug":"reunion-des-equipes-satellites-et-du-eri-marz-2022-sevilla-espagne","status":"publish","type":"post","link":"https:\/\/equipes-notre-dame.com\/pt\/reunion-des-equipes-satellites-et-du-eri-marz-2022-sevilla-espagne\/","title":{"rendered":"Reuni\u00e3o das Equipes Sat\u00e9lites e da ERI, mar\u00e7o 2022, Sevilla, Espanha"},"content":{"rendered":"<p><strong>Reuni\u00e3o das Equipes Sat\u00e9lites, 12 a 14 de mar\u00e7o de 2022<\/strong><\/p>\n<p>Nestes dias, aconteceu a reuni\u00e3o de duas das quatro Equipes Sat\u00e9lites que est\u00e3o trabalhando nos temas previamente definidos, e que s\u00e3o coordenados por Mariola e Elizeu Calsing. Padre Paulo Renato, que os acompanha nesta miss\u00e3o, n\u00e3o p\u00f4de estar presente, mas acompanhou todo o trabalho que foi realizado. Os casais foram acompanhados pelo Pe. Ricardo Londo\u00f1o, Conselheiro da ERI, que antecipou sua viagem para compartilhar com eles estes dias.<\/p>\n<p>As Equipes Sat\u00e9lites Pedagogia e Casais Jovens foram as que participaram desta reuni\u00e3o. A Equipe Pedagogia est\u00e1 se concentrando na revis\u00e3o dos cadernos de pilotagem, levando em conta a forma com que s\u00e3o realizadas nas diferentes SR e RR, e est\u00e1 preparando novo material que poder\u00e1 ser utilizado naqueles lugares que precisam de uma renova\u00e7\u00e3o de seus planos de pilotagem. \u00c9 formada por quatro casais que puderam se encontrar pessoalmente pela primeira vez desde sua constitui\u00e7\u00e3o em 2019. Coordenada por Silvia e Chico Pontes do Brasil, a equipe inclui Rozenn e Frederic Tiberghien, da Fran\u00e7a; Souad e Edouard Borgi, do L\u00edbano; e Lucyna e Krzysztof Wysow, da Pol\u00f4nia.<\/p>\n<p>E a equipe que se dedicou \u00e0 prepara\u00e7\u00e3o de material para Casais Jovens, \u00e9 coordenada por um casal espanhol, Ricardo e Carmen Rodr\u00edguez-Mar\u00edn. Eles est\u00e3o desenvolvendo um material projetado para um amplo espectro de casais, casados e n\u00e3o casados, com origens e preocupa\u00e7\u00f5es diversas, mas com um denominador comum: o desejo de fomentar sua condi\u00e7\u00e3o de casal, refletindo sobre os aspectos fundamentais que moldam seu crescimento comum e seu projeto de vida. Na reuni\u00e3o foi analisado o trabalho que j\u00e1 est\u00e1 bem avan\u00e7ado, feitas sugest\u00f5es e ajustes. A vers\u00e3o final, para exame da ERI, est\u00e1 prevista para ser entregue at\u00e9 o final do m\u00eas de junho.<\/p>\n<p>&nbsp;<\/p>\n<p><strong>Reuni\u00e3o da ERI, 15-19 de mar\u00e7o de 2022<\/strong><\/p>\n<p>Os sentimentos que temos tido t\u00eam sido algo ambivalentes. Foi uma alegria poder reunir todos os membros da ERI pessoalmente; se nos lembramos, Faye e Kevin Noonan, coordenadores de zona da Eur\u00e1sia, n\u00e3o puderam vir \u00e0 \u00faltima reuni\u00e3o na Cidade do M\u00e9xico em outubro, pois ainda n\u00e3o estavam autorizados a viajar da Austr\u00e1lia. Ao mesmo tempo, por\u00e9m, sabemos que esta reuni\u00e3o substitui a reuni\u00e3o que deveria ter sido realizada nas mesmas datas em Assis, uma grande reuni\u00e3o que j\u00e1 havia sido adiada duas vezes e que, por causa da pandemia, finalmente teve que ser cancelada. As restri\u00e7\u00f5es de viagem na It\u00e1lia significaram que a metade dos participantes n\u00e3o p\u00f4de comparecer, o que levou ao seu cancelamento.<\/p>\n<p>A Equipe Respons\u00e1vel Internacional se reuniu para rever a situa\u00e7\u00e3o das equipes nas diferentes partes do mundo; equipes que, como tantas inst\u00e2ncias na Igreja, tamb\u00e9m foram afetadas pelas restri\u00e7\u00f5es. N\u00e3o tem sido f\u00e1cil administrar e acompanhar as novas equipes, apesar das tecnologias, embora tenhamos que reconhecer que gra\u00e7as a elas n\u00e3o ficamos desconectados. No entanto, a proximidade e o contato com as novas equipes \u00e9 cada vez mais sentida como necess\u00e1ria. Tamb\u00e9m n\u00e3o tem sido f\u00e1cil para nossos idosos, muitos veteranos n\u00e3o puderam se encontrar, e notamos que os meios virtuais s\u00e3o muito mais dif\u00edceis para eles. Consolidar o crescimento em pa\u00edses onde est\u00e1vamos apenas come\u00e7ando, revitalizar equipes em lugares com longa tradi\u00e7\u00e3o, estabelecer v\u00ednculos e apoio, treinamento e reuni\u00f5es s\u00e3o todos desafios que temos pela frente, enquanto esperamos que tudo se instale e volte ao caminho certo. Devemos tamb\u00e9m planejar o Col\u00e9gio Internacional em julho, que re\u00fane os responsaveis das Super-Regi\u00f5es, as regi\u00f5es diretamente ligadas ao ERI, os conselheiros e o pr\u00f3prio ERI. Esta reuni\u00e3o tem sido realizada virtualmente nos \u00faltimos dois anos, com um grande esfor\u00e7o de adapta\u00e7\u00e3o tecnol\u00f3gica por parte de todos. Entretanto, estamos ansiosos pela possibilidade de mant\u00ea-lo pessoalmente, e o lugar escolhido foi novamente Assis (It\u00e1lia). Esperamos que desta vez possa ser realizado e que possa ser um momento de revitaliza\u00e7\u00e3o, impulso, encontro&#8230; Por outro lado, o trabalho habitual de prepara\u00e7\u00e3o dos temas de estudo, revis\u00e3o da participa\u00e7\u00e3o das Equipes nos trabalhos do S\u00ednodo, assuntos administrativos e de secretariado, e tantas outras coisas que s\u00e3o necess\u00e1rias para o bom funcionamento das equipes no mundo, vai continuar. Pensar em como enfrentar o mundo p\u00f3s-pand\u00eamico \u00e9 absolutamente necess\u00e1rio e requer um grande esfor\u00e7o por parte de todos.<\/p>\n<p>A ERI tem sempre alguns momentos-chave de comunh\u00e3o e proximidade com as Equipes e com a Igreja da cidade que a acolhe. E, nesta ocasi\u00e3o, tivemos a tarde de quarta-feira para uma interessante visita cultural \u00e0 catedral de Sevilha, acompanhados por uma boa parte da equipe da SR Espanha, com a presen\u00e7a de seus respons\u00e1veis, Pedro e Roc\u00edo e do conselheiro Pe. Josep Buades S.J. Com eles visitamos o Arcebispo da Arquidiocese de Sevilha, Dom Jos\u00e9 \u00c1ngel Saiz Meneses, a quem agradecemos por seu carinho e proximidade, e por seu profundo conhecimento das Equipes, das quais foi conselheiro. Tivemos a oportunidade de celebrar a Eucaristia na Bas\u00edlica de Jes\u00fas del Gran Poder e de nos reunirmos com os membros da equipe de servi\u00e7o da SR de Espanha, com os quais compartilhamos um magn\u00edfico jantar e uma aula de Sevilhanas que concluiu a noite de quarta-feira.<\/p>\n<p>&nbsp;<\/p>\n<p>Finalmente, no s\u00e1bado 19, \u00e0 tarde, tivemos uma reuni\u00e3o com equipistas locais, o que nos permitiu ter um interc\u00e2mbio e uma comunica\u00e7\u00e3o frutuosa. Celebramos juntos a Eucaristia na igreja de Dos Hermanas, uma cidade perto de Sevilha, onde se encontrava a casa de retiro onde est\u00e1vamos hospedados. Conseguimos saber mais sobre a SR Espanha, responder \u00e0s perguntas feitas \u00e0 ERI e explicar o papel da ERI e os aspectos mais importantes de sua miss\u00e3o. Conclu\u00edmos tamb\u00e9m com um grande jantar compartilhado.<\/p>\n<p>Somos gratos pelas instala\u00e7\u00f5es, pela ajuda fornecida, pela dedica\u00e7\u00e3o entusiasta de Pedro e Roc\u00edo e Pe. Josep, por tornarem poss\u00edvel esta reuni\u00e3o em Sevilha.<\/p>\n<p><img loading=\"lazy\" decoding=\"async\" class=\"aligncenter size-full wp-image-4230\" src=\"https:\/\/equipes-notre-dame.com\/wp-content\/uploads\/2022\/04\/reunio\u0301n.jpeg\" alt=\"\" width=\"1024\" height=\"768\" srcset=\"https:\/\/equipes-notre-dame.com\/wp-content\/uploads\/2022\/04\/reunio\u0301n.jpeg 1024w, https:\/\/equipes-notre-dame.com\/wp-content\/uploads\/2022\/04\/reunio\u0301n-300x225.jpeg 300w, https:\/\/equipes-notre-dame.com\/wp-content\/uploads\/2022\/04\/reunio\u0301n-768x576.jpeg 768w\" sizes=\"(max-width: 1024px) 100vw, 1024px\" \/> <img loading=\"lazy\" decoding=\"async\" class=\"aligncenter size-full wp-image-4229\" src=\"https:\/\/equipes-notre-dame.com\/wp-content\/uploads\/2022\/04\/reunio\u0301n-con-equipistas-espan\u0303oles-.jpeg\" alt=\"\" width=\"1000\" height=\"1000\" srcset=\"https:\/\/equipes-notre-dame.com\/wp-content\/uploads\/2022\/04\/reunio\u0301n-con-equipistas-espan\u0303oles-.jpeg 1000w, https:\/\/equipes-notre-dame.com\/wp-content\/uploads\/2022\/04\/reunio\u0301n-con-equipistas-espan\u0303oles--300x300.jpeg 300w, https:\/\/equipes-notre-dame.com\/wp-content\/uploads\/2022\/04\/reunio\u0301n-con-equipistas-espan\u0303oles--150x150.jpeg 150w, https:\/\/equipes-notre-dame.com\/wp-content\/uploads\/2022\/04\/reunio\u0301n-con-equipistas-espan\u0303oles--768x768.jpeg 768w\" sizes=\"(max-width: 1000px) 100vw, 1000px\" \/> <img loading=\"lazy\" decoding=\"async\" class=\"aligncenter size-full wp-image-4228\" src=\"https:\/\/equipes-notre-dame.com\/wp-content\/uploads\/2022\/04\/sate\u0301lites.jpeg\" alt=\"\" width=\"1600\" height=\"1200\" srcset=\"https:\/\/equipes-notre-dame.com\/wp-content\/uploads\/2022\/04\/sate\u0301lites.jpeg 1600w, https:\/\/equipes-notre-dame.com\/wp-content\/uploads\/2022\/04\/sate\u0301lites-300x225.jpeg 300w, https:\/\/equipes-notre-dame.com\/wp-content\/uploads\/2022\/04\/sate\u0301lites-1024x768.jpeg 1024w, https:\/\/equipes-notre-dame.com\/wp-content\/uploads\/2022\/04\/sate\u0301lites-768x576.jpeg 768w, https:\/\/equipes-notre-dame.com\/wp-content\/uploads\/2022\/04\/sate\u0301lites-1536x1152.jpeg 1536w\" sizes=\"(max-width: 1600px) 100vw, 1600px\" \/> <img loading=\"lazy\" decoding=\"async\" class=\"aligncenter size-full wp-image-4227\" src=\"https:\/\/equipes-notre-dame.com\/wp-content\/uploads\/2022\/04\/vista-arzobispo.jpeg\" alt=\"\" width=\"1024\" height=\"768\" srcset=\"https:\/\/equipes-notre-dame.com\/wp-content\/uploads\/2022\/04\/vista-arzobispo.jpeg 1024w, https:\/\/equipes-notre-dame.com\/wp-content\/uploads\/2022\/04\/vista-arzobispo-300x225.jpeg 300w, https:\/\/equipes-notre-dame.com\/wp-content\/uploads\/2022\/04\/vista-arzobispo-768x576.jpeg 768w\" sizes=\"(max-width: 1024px) 100vw, 1024px\" \/> <img loading=\"lazy\" decoding=\"async\" class=\"aligncenter size-full wp-image-4226\" src=\"https:\/\/equipes-notre-dame.com\/wp-content\/uploads\/2022\/04\/vis-crucis.jpeg\" alt=\"\" width=\"2040\" height=\"1536\" srcset=\"https:\/\/equipes-notre-dame.com\/wp-content\/uploads\/2022\/04\/vis-crucis.jpeg 2040w, https:\/\/equipes-notre-dame.com\/wp-content\/uploads\/2022\/04\/vis-crucis-300x226.jpeg 300w, https:\/\/equipes-notre-dame.com\/wp-content\/uploads\/2022\/04\/vis-crucis-1024x771.jpeg 1024w, https:\/\/equipes-notre-dame.com\/wp-content\/uploads\/2022\/04\/vis-crucis-768x578.jpeg 768w, https:\/\/equipes-notre-dame.com\/wp-content\/uploads\/2022\/04\/vis-crucis-1536x1157.jpeg 1536w\" sizes=\"(max-width: 2040px) 100vw, 2040px\" \/><\/p>\n","protected":false},"excerpt":{"rendered":"<p>Entre os dias 12 e 14 de mar\u00e7o, ocorreu a reuni\u00e3o de duas das quatro equipes sat\u00e9lites que est\u00e3o trabalhando em v\u00e1rios assuntos, enquanto a reuni\u00e3o do ERI ocorreu entre 15 e 19 de mar\u00e7o em Sevilha (Espanha)<\/p>\n","protected":false},"author":2,"featured_media":4226,"comment_status":"closed","ping_status":"closed","sticky":false,"template":"","format":"standard","meta":{"footnotes":"","_links_to":"","_links_to_target":""},"categories":[6],"tags":[],"translation":{"provider":"WPGlobus","version":"2.12.2","language":"pt","enabled_languages":["fr","pt","es","it","en"],"languages":{"fr":{"title":true,"content":true,"excerpt":true},"pt":{"title":true,"content":true,"excerpt":true},"es":{"title":true,"content":true,"excerpt":true},"it":{"title":true,"content":true,"excerpt":true},"en":{"title":true,"content":true,"excerpt":true}}},"_links":{"self":[{"href":"https:\/\/equipes-notre-dame.com\/pt\/wp-json\/wp\/v2\/posts\/4225"}],"collection":[{"href":"https:\/\/equipes-notre-dame.com\/pt\/wp-json\/wp\/v2\/posts"}],"about":[{"href":"https:\/\/equipes-notre-dame.com\/pt\/wp-json\/wp\/v2\/types\/post"}],"author":[{"embeddable":true,"href":"https:\/\/equipes-notre-dame.com\/pt\/wp-json\/wp\/v2\/users\/2"}],"replies":[{"embeddable":true,"href":"https:\/\/equipes-notre-dame.com\/pt\/wp-json\/wp\/v2\/comments?post=4225"}],"version-history":[{"count":10,"href":"https:\/\/equipes-notre-dame.com\/pt\/wp-json\/wp\/v2\/posts\/4225\/revisions"}],"predecessor-version":[{"id":4237,"href":"https:\/\/equipes-notre-dame.com\/pt\/wp-json\/wp\/v2\/posts\/4225\/revisions\/4237"}],"wp:featuredmedia":[{"embeddable":true,"href":"https:\/\/equipes-notre-dame.com\/pt\/wp-json\/wp\/v2\/media\/4226"}],"wp:attachment":[{"href":"https:\/\/equipes-notre-dame.com\/pt\/wp-json\/wp\/v2\/media?parent=4225"}],"wp:term":[{"taxonomy":"category","embeddable":true,"href":"https:\/\/equipes-notre-dame.com\/pt\/wp-json\/wp\/v2\/categories?post=4225"},{"taxonomy":"post_tag","embeddable":true,"href":"https:\/\/equipes-notre-dame.com\/pt\/wp-json\/wp\/v2\/tags?post=4225"}],"curies":[{"name":"wp","href":"https:\/\/api.w.org\/{rel}","templated":true}]}}