{"id":4601,"date":"2023-06-22T10:43:55","date_gmt":"2023-06-22T10:43:55","guid":{"rendered":"https:\/\/equipes-notre-dame.com\/?p=4601"},"modified":"2023-12-10T10:31:23","modified_gmt":"2023-12-10T10:31:23","slug":"lettre-de-juin-2023","status":"publish","type":"post","link":"https:\/\/equipes-notre-dame.com\/pt\/carta-de-junho-2023\/","title":{"rendered":"Carta de junho 2023"},"content":{"rendered":"<figure id=\"attachment_954\" aria-describedby=\"caption-attachment-954\" style=\"width: 155px\" class=\"wp-caption aligncenter\"><img loading=\"lazy\" decoding=\"async\" class=\"wp-image-954 size-full imagedropshadow\" title=\"P\u00e8re Ricardo Londo\u00f1o Dominguez\" src=\"\/wp-content\/uploads\/2019\/06\/Pere-Ricardo-Londono-Dominguez.png\" alt=\"\" width=\"155\" height=\"176\" \/><figcaption id=\"caption-attachment-954\" class=\"wp-caption-text\">Padre Ricardo Londo\u00f1o Dominguez<\/figcaption><\/figure>\n<hr \/>\n<p><strong>A internacionalidade das Equipes de Nossa Senhora<\/strong><\/p>\n<p>&nbsp;<\/p>\n<p>H\u00e1 dois anos, a ERI publicou o livro &#8220;<em>Desenvolvimento e internacionaliza\u00e7\u00e3o do Movimento das Equipes de Nossa Senhora<\/em>&#8221; e quis oferecer a todos os equipistas uma vis\u00e3o geral da expans\u00e3o do Movimento no tempo e no espa\u00e7o, e acompanh\u00e1-la com algumas reflex\u00f5es sobre a forma\u00e7\u00e3o e os fundamentos b\u00e1sicos da vida e do desenvolvimento das Equipes de <em>Nossa Senhora.<\/em><\/p>\n<p>A introdu\u00e7\u00e3o lembrou, com raz\u00e3o, a alegria do Padre Caffarel ao ver o crescimento da ENS no Brasil e tamb\u00e9m mencionou sua preocupa\u00e7\u00e3o com o fato de que a r\u00e1pida dissemina\u00e7\u00e3o do Movimento n\u00e3o deveria diminuir o compromisso com uma forma\u00e7\u00e3o profunda e s\u00e9ria.<\/p>\n<p>Quando contemplamos o que aconteceu ao longo dos anos desde 1939, podemos ver como, ano ap\u00f3s ano, as ENS cobriram a geografia de nossa Casa Comum. A publica\u00e7\u00e3o da ERI fala de &#8220;ondas expansivas&#8221; no aumento da presen\u00e7a e da participa\u00e7\u00e3o (entre 1939 e 1959, 20 pa\u00edses; entre 1960 e 1969, outros 9; entre 1970 e o final do s\u00e9culo XX, outros 22 pa\u00edses foram acrescentados; e at\u00e9 agora, neste s\u00e9culo, vemos 33 novos pa\u00edses).<\/p>\n<p>Atualmente, h\u00e1 mais de 90 territ\u00f3rios nacionais onde as equipes est\u00e3o presentes. Um n\u00famero respeit\u00e1vel e significativo.<\/p>\n<p>Pensar nessa dimens\u00e3o internacional nos leva a repensar mais uma vez o significado do que estamos vivendo e do que estamos fazendo. Porque n\u00e3o se trata de pensar em como nos tornarmos propagandistas ansiosos por estar presentes em muitos lugares, nem de transformar o nosso Movimento em um grupo de proselitistas ansiosos por cobrir territ\u00f3rios de forma desenfreada. N\u00e3o. O sentido da internacionalidade deve ser fundamentalmente a preocupa\u00e7\u00e3o permanente de que o dom da gra\u00e7a de Deus, que se faz presente na vida dos casais por meio dos Sacramentos, possa ser apreciado e vivido por mais casais no mundo.<\/p>\n<p>\u00c9 por isso que a preocupa\u00e7\u00e3o de nosso fundador deve se tornar uma preocupa\u00e7\u00e3o constante para todos n\u00f3s. O crescimento quantitativo deve necessariamente andar de m\u00e3os dadas com mais e melhor forma\u00e7\u00e3o. Tem sido um desejo consciente da ERI que a forma\u00e7\u00e3o cont\u00ednua dos equipistas esteja na vanguarda de seu trabalho.<\/p>\n<p>A internacionalidade, uma caracter\u00edstica que responde \u00e0 <strong>catolicidade <\/strong>da Igreja, nos permitiu apreciar como, em diferentes culturas e diferentes pa\u00edses, vemos os interesses, as preocupa\u00e7\u00f5es e os problemas comuns \u00e0 realidade da vida dos casais. A internacionalidade enriquece a experi\u00eancia, o conhecimento e a diversidade. Implica reconhecer que, apesar das diferen\u00e7as que possam aparecer, compartilhamos um carisma comum e nossa voca\u00e7\u00e3o tem repercuss\u00f5es em outros horizontes. Na internacionalidade, todos somos enriquecidos.<\/p>\n<p>E \u00e9 bom ter em mente que, desde o in\u00edcio, a ideia n\u00e3o era criar uma esp\u00e9cie de &#8220;federa\u00e7\u00e3o&#8221; de grupos em diferentes lugares ou autonomias nacionais associadas, mas manter a unidade de um \u00fanico Movimento na riqueza e na diversidade das na\u00e7\u00f5es. E isso tem sido visto como poss\u00edvel e louv\u00e1vel. Por essa raz\u00e3o, a dimens\u00e3o internacional promove a <strong>unidade <\/strong>e aumenta o sentimento de perten\u00e7a \u00e0 Igreja de Jesus Cristo e \u00e0s Equipes de Nossa Senhora.<\/p>\n<p>Desde que <strong>o<\/strong> <strong>carisma, a m\u00edstica e a pedagogia <\/strong>das Equipes de Nossa Senhora sejam fielmente mantidos, essa unidade pode ser garantida na multiplicidade de lugares, l\u00ednguas e culturas.<\/p>\n<p>Uma caracter\u00edstica de nossa internacionalidade e um sinal do desejo de interc\u00e2mbio entre os equipistas de diferentes origens \u00e9 a institucionaliza\u00e7\u00e3o dos Encontros Internacionais. Lourdes, Roma, F\u00e1tima, Santiago de Compostela, Bras\u00edlia&#8230; viram a chegada de milhares de equipistas de diferentes lugares para seus respectivos encontros a cada seis anos.<\/p>\n<p>A cidade de Turim, na encantadora It\u00e1lia, ser\u00e1 o local de nosso pr\u00f3ximo Encontro Internacional. Uma nova oportunidade de vivenciar esse mesmo senso de unidade na internacionalidade das Equipes de Nossa Senhora.<\/p>\n<p>Que o Senhor nos conceda viver com f\u00e9, esperan\u00e7a e amor o entusiasmo de compartilhar juntos a op\u00e7\u00e3o de vida e os testemunhos de outros irm\u00e3os e irm\u00e3s no mundo.<\/p>\n<p><strong><em>Ricardo Londo\u00f1o Dom\u00ednguez,<br \/>\n<\/em><em>Conselheiro espiritual<\/em><\/strong><\/p>\n<p>&nbsp;<\/p>\n<hr \/>\n<h3 style=\"text-align: center;\"><\/h3>\n<h3 style=\"text-align: center;\"><strong><a href=\"https:\/\/equipes-notre-dame.com\/wp-content\/uploads\/2023\/06\/LECRERC_CORREO-ERI-JUNHO23_PT.pdf\" target=\"_blank\" rel=\"noopener noreferrer\"><em>\u2192<\/em> Ler a Carta da ERI junho 2023\u00a0<\/a><\/strong><\/h3>\n<p style=\"text-align: center;\"><a href=\"https:\/\/equipes-notre-dame.com\/sites\/default\/files\/165_-_courrier_de_leri_leclerc_fr_0.pdf\" target=\"_blank\" rel=\"noopener noreferrer\"><strong><img loading=\"lazy\" decoding=\"async\" src=\"https:\/\/equipes-notre-dame.com\/sites\/default\/files\/eri_zone_centre_europe_leclerc_antoine_et_therese_mai_2018.jpg\" width=\"209\" height=\"214\" \/><\/strong><\/a><\/p>\n<p style=\"text-align: center;\">Th\u00e9r\u00e8se &amp; Antoine LECLERC -Fran\u00e7a<\/p>\n<div class=\"mceTemp\"><\/div>\n","protected":false},"excerpt":{"rendered":"<p>Recomendamos a leitura dos dois textos sobre a internacionalidade do movimento: o do Padre Ricardo e o de Antoine e Th\u00e9r\u00e8se Lecrerc.  \u00c9 importante, neste momento que antecede a inscri\u00e7\u00e3o em Turim, perceber a riqueza de poder participar de um encontro internacional<\/p>\n","protected":false},"author":2,"featured_media":2296,"comment_status":"closed","ping_status":"closed","sticky":false,"template":"","format":"standard","meta":{"footnotes":"","_links_to":"","_links_to_target":""},"categories":[17],"tags":[],"translation":{"provider":"WPGlobus","version":"2.12.2","language":"pt","enabled_languages":["fr","pt","es","it","en"],"languages":{"fr":{"title":true,"content":true,"excerpt":true},"pt":{"title":true,"content":true,"excerpt":true},"es":{"title":true,"content":true,"excerpt":true},"it":{"title":true,"content":true,"excerpt":true},"en":{"title":true,"content":true,"excerpt":true}}},"_links":{"self":[{"href":"https:\/\/equipes-notre-dame.com\/pt\/wp-json\/wp\/v2\/posts\/4601"}],"collection":[{"href":"https:\/\/equipes-notre-dame.com\/pt\/wp-json\/wp\/v2\/posts"}],"about":[{"href":"https:\/\/equipes-notre-dame.com\/pt\/wp-json\/wp\/v2\/types\/post"}],"author":[{"embeddable":true,"href":"https:\/\/equipes-notre-dame.com\/pt\/wp-json\/wp\/v2\/users\/2"}],"replies":[{"embeddable":true,"href":"https:\/\/equipes-notre-dame.com\/pt\/wp-json\/wp\/v2\/comments?post=4601"}],"version-history":[{"count":9,"href":"https:\/\/equipes-notre-dame.com\/pt\/wp-json\/wp\/v2\/posts\/4601\/revisions"}],"predecessor-version":[{"id":4615,"href":"https:\/\/equipes-notre-dame.com\/pt\/wp-json\/wp\/v2\/posts\/4601\/revisions\/4615"}],"wp:featuredmedia":[{"embeddable":true,"href":"https:\/\/equipes-notre-dame.com\/pt\/wp-json\/wp\/v2\/media\/2296"}],"wp:attachment":[{"href":"https:\/\/equipes-notre-dame.com\/pt\/wp-json\/wp\/v2\/media?parent=4601"}],"wp:term":[{"taxonomy":"category","embeddable":true,"href":"https:\/\/equipes-notre-dame.com\/pt\/wp-json\/wp\/v2\/categories?post=4601"},{"taxonomy":"post_tag","embeddable":true,"href":"https:\/\/equipes-notre-dame.com\/pt\/wp-json\/wp\/v2\/tags?post=4601"}],"curies":[{"name":"wp","href":"https:\/\/api.w.org\/{rel}","templated":true}]}}