{"id":484,"date":"2018-02-14T09:18:20","date_gmt":"2018-02-14T09:18:20","guid":{"rendered":"http:\/\/equipes.nelsoncardeira.com\/?p=484"},"modified":"2018-02-14T09:18:20","modified_gmt":"2018-02-14T09:18:20","slug":"monsignor-fleischmanns-funeral","status":"publish","type":"post","link":"https:\/\/equipes-notre-dame.com\/pt\/funeral-de-monsenor-francois-fleischmann\/","title":{"rendered":"Funeral de Monse\u00f1or Fran\u00e7ois Fleischmann"},"content":{"rendered":"<p>Queridos Amigos,<br \/>\nEstamos hoje aqui, reunidos&#8230; para prestar homenagem ao Monsenhor Fran\u00e7ois Fleischmann, que j\u00e1 n\u00e3o est\u00e1 fisicamente connosco, mas que pela sua maneira de ser, pelas suas obras, pelas recorda\u00e7\u00f5es que em todos deixou&#8230; estar\u00e1 sempre presente&#8230;<br \/>\nA sabedoria com que enriqueceu o Movimento das Equipas de Nossa Senhora, durante o tempo que permaneceu como conselheiro espiritual da Equipa Respons\u00e1vel Internacional, de 2000 a 2006, e todo o seu empenhamento cuidado e sabedor na Causa de Canoniza\u00e7\u00e3o do Padre Caffarel ficar\u00e1 para sempre como uma contribui\u00e7\u00e3o remarc\u00e1vel, no processo em curso.<br \/>\nAtualmente Conselheiro da Associa\u00e7\u00e3o dos Amigos do Padre Caffarel.\u00a0 muito contribuiu para o sucesso dos Col\u00f3quios Internacionais sobre o Padre Caffarel que se realizaram no Col\u00e9gio Bernardins, em Paris.<br \/>\nO Monsenhor Fleischmann era uma pessoa de grande sobriedade e humildade, apesar do seu grande talento e cultura, deixando-nos sempre uma palavra de esclarecimento e de orienta\u00e7\u00e3o que muito nos marcou na nossa vida.<br \/>\nPessoalmente temos as melhores recorda\u00e7\u00f5es do seu trato af\u00e1vel e da sua gentileza na forma como exprimia as suas ideias e nos respondia sempre imediatamente aos nossos apelos.<br \/>\nAs Equipas de Nossa Senhora ficam a dever-lhe para sempre a sua inestim\u00e1vel dedica\u00e7\u00e3o, serenidade e compet\u00eancia e mant\u00eam-se unidas em ora\u00e7\u00e3o por este grande Servo de Deus.<br \/>\nParis, 2 de Fevereiro 2018 \u2013 Cemit\u00e9rio de Montparnasse<\/p>\n<p><strong>T\u00f3 e Jos\u00e9 Moura Soares<\/strong><\/p>\n","protected":false},"excerpt":{"rendered":"<p>Queridos Amigos, Estamos hoje aqui, reunidos&#8230; para prestar homenagem ao Monsenhor Fran\u00e7ois Fleischmann<\/p>\n","protected":false},"author":3,"featured_media":489,"comment_status":"closed","ping_status":"closed","sticky":false,"template":"","format":"standard","meta":{"footnotes":"","_links_to":"","_links_to_target":""},"categories":[6],"tags":[],"translation":{"provider":"WPGlobus","version":"2.12.2","language":"pt","enabled_languages":["fr","pt","es","it","en"],"languages":{"fr":{"title":true,"content":true,"excerpt":true},"pt":{"title":true,"content":true,"excerpt":true},"es":{"title":true,"content":true,"excerpt":true},"it":{"title":true,"content":true,"excerpt":true},"en":{"title":true,"content":true,"excerpt":true}}},"_links":{"self":[{"href":"https:\/\/equipes-notre-dame.com\/pt\/wp-json\/wp\/v2\/posts\/484"}],"collection":[{"href":"https:\/\/equipes-notre-dame.com\/pt\/wp-json\/wp\/v2\/posts"}],"about":[{"href":"https:\/\/equipes-notre-dame.com\/pt\/wp-json\/wp\/v2\/types\/post"}],"author":[{"embeddable":true,"href":"https:\/\/equipes-notre-dame.com\/pt\/wp-json\/wp\/v2\/users\/3"}],"replies":[{"embeddable":true,"href":"https:\/\/equipes-notre-dame.com\/pt\/wp-json\/wp\/v2\/comments?post=484"}],"version-history":[{"count":0,"href":"https:\/\/equipes-notre-dame.com\/pt\/wp-json\/wp\/v2\/posts\/484\/revisions"}],"wp:featuredmedia":[{"embeddable":true,"href":"https:\/\/equipes-notre-dame.com\/pt\/wp-json\/wp\/v2\/media\/489"}],"wp:attachment":[{"href":"https:\/\/equipes-notre-dame.com\/pt\/wp-json\/wp\/v2\/media?parent=484"}],"wp:term":[{"taxonomy":"category","embeddable":true,"href":"https:\/\/equipes-notre-dame.com\/pt\/wp-json\/wp\/v2\/categories?post=484"},{"taxonomy":"post_tag","embeddable":true,"href":"https:\/\/equipes-notre-dame.com\/pt\/wp-json\/wp\/v2\/tags?post=484"}],"curies":[{"name":"wp","href":"https:\/\/api.w.org\/{rel}","templated":true}]}}