{"id":694,"date":"2017-02-13T08:28:06","date_gmt":"2017-02-13T08:28:06","guid":{"rendered":"http:\/\/equipes.nelsoncardeira.com\/?p=694"},"modified":"2017-02-13T08:28:06","modified_gmt":"2017-02-13T08:28:06","slug":"a-monthly-commentary-on-the-joy-of-love-by-father-jacinto-farias-2","status":"publish","type":"post","link":"https:\/\/equipes-notre-dame.com\/pt\/comentario-mensal-sobre-a-alegria-do-amor-pelo-padre-jacinto-farias-2\/","title":{"rendered":"Coment\u00e1rio mensal sobre A Alegria do Amor pelo Padre Jacinto Farias"},"content":{"rendered":"<h2>Fonte de b\u00ean\u00e7\u00e3o para todos<\/h2>\n<p style=\"font-weight: 400;\">Quando o Papa Francisco faz apelo ao discernimento perante aquelas situa\u00e7\u00f5es que n\u00e3o correspondem plenamente ao que o Senhor nos prop\u00f5e (AL 6) e que nessas situa\u00e7\u00f5es devemos ter presente o sentido da miseric\u00f3rdia, isso significa que todos devemos estar empenhados, primeiro, em fazermos um exame de consci\u00eancia para vermos se cada um de n\u00f3s vive segundo aquilo que o Senhor prop\u00f5e e, depois, fazermos o poss\u00edvel para encontrar os meios e os aux\u00edlios, humanos e da gra\u00e7a, para que conformemos a nossa vida e o nosso estilo de vida com o pensamento de Deus. N\u00e3o se trata de adaptar a vontade de Deus \u00e0 nossa, mas de fazermos como a Virgem Maria que assim respondeu ao Anjo: \u00abPois que se fa\u00e7a em mim segundo a tua palavra\u00bb (Lc 1,38).<br \/>\nQuando os escribas e fariseus lhe colocaram a quest\u00e3o do div\u00f3rcio permitido pela lei de Mois\u00e9s, Jesus apelou ao \u00abprinc\u00edpio\u00bb, quando Deus criou o homem \u00e0 sua imagem e semelhan\u00e7a e os criou homem e mulher (Gn 1,26). Por isso, Jesus responde aos escribas e fariseus: \u00abn\u00e3o separe o homem o que Deus uniu\u00bb (Mt 19,6).<br \/>\nFazendo-se eco das catequeses sobre e teologia do corpo de S. Jo\u00e3o Paulo II, em Amoris laetitia o Papa Francisco fala do \u00abdes\u00edgnio primordial\u00bb de Deus a respeito do casal (AL\u00a0 9; cf. Mt 19,4; Gn 2,24). O sonho divino sobre o casal e a fam\u00edlia \u00e9 \u00abque formem uma comunh\u00e3o de pessoas que seja imagem da uni\u00e3o entre o Pai, o Filho e o Esp\u00edrito Santo\u00bb (AL\u00a0 29). O sonho de Deus realiza-se em Cristo e na Igreja e em todos os casais e fam\u00edlias que vivam do Seu Esp\u00edrito, \u00e0 sua imagem e semelhan\u00e7a. Os casais e as fam\u00edlias que vivem do Seu Esp\u00edrito, segundo o pensamento e a vontade de Deus &#8211; \u00abassim vai ser aben\u00e7oado o homem que obedece ao Senhor\u00bb (Sl 128,4-5; cf. AL 15) \u2013 sustentam o mundo e s\u00e3o fonte de b\u00ean\u00e7\u00e3o para todos.<\/p>\n<p style=\"font-weight: 400;\">\n<b><strong> Jos\u00e9 Jacinto Ferreira de Farias, scj<\/strong><\/b><\/p>\n","protected":false},"excerpt":{"rendered":"<p>Fonte de b\u00ean\u00e7\u00e3o para todos<\/p>\n","protected":false},"author":3,"featured_media":0,"comment_status":"closed","ping_status":"closed","sticky":false,"template":"","format":"standard","meta":{"footnotes":"","_links_to":"","_links_to_target":""},"categories":[6],"tags":[],"translation":{"provider":"WPGlobus","version":"2.12.2","language":"pt","enabled_languages":["fr","pt","es","it","en"],"languages":{"fr":{"title":true,"content":true,"excerpt":true},"pt":{"title":true,"content":true,"excerpt":true},"es":{"title":true,"content":true,"excerpt":true},"it":{"title":true,"content":true,"excerpt":true},"en":{"title":true,"content":true,"excerpt":true}}},"_links":{"self":[{"href":"https:\/\/equipes-notre-dame.com\/pt\/wp-json\/wp\/v2\/posts\/694"}],"collection":[{"href":"https:\/\/equipes-notre-dame.com\/pt\/wp-json\/wp\/v2\/posts"}],"about":[{"href":"https:\/\/equipes-notre-dame.com\/pt\/wp-json\/wp\/v2\/types\/post"}],"author":[{"embeddable":true,"href":"https:\/\/equipes-notre-dame.com\/pt\/wp-json\/wp\/v2\/users\/3"}],"replies":[{"embeddable":true,"href":"https:\/\/equipes-notre-dame.com\/pt\/wp-json\/wp\/v2\/comments?post=694"}],"version-history":[{"count":0,"href":"https:\/\/equipes-notre-dame.com\/pt\/wp-json\/wp\/v2\/posts\/694\/revisions"}],"wp:attachment":[{"href":"https:\/\/equipes-notre-dame.com\/pt\/wp-json\/wp\/v2\/media?parent=694"}],"wp:term":[{"taxonomy":"category","embeddable":true,"href":"https:\/\/equipes-notre-dame.com\/pt\/wp-json\/wp\/v2\/categories?post=694"},{"taxonomy":"post_tag","embeddable":true,"href":"https:\/\/equipes-notre-dame.com\/pt\/wp-json\/wp\/v2\/tags?post=694"}],"curies":[{"name":"wp","href":"https:\/\/api.w.org\/{rel}","templated":true}]}}